{"id":146844,"date":"2017-08-11T11:35:36","date_gmt":"2017-08-11T09:35:36","guid":{"rendered":"http:\/\/www.cronacaonline.it\/public\/content\/?p=146844"},"modified":"2017-08-11T11:35:36","modified_gmt":"2017-08-11T09:35:36","slug":"maltempo-il-centro-nord-italia-colpito-da-temporali-e-forti-venti-2","status":"publish","type":"post","link":"https:\/\/www.cronacaonline.it\/index.php\/2017\/08\/11\/maltempo-il-centro-nord-italia-colpito-da-temporali-e-forti-venti-2\/","title":{"rendered":"Maltempo, il centro-nord Italia colpito da temporali e forti venti"},"content":{"rendered":"<p>Si aggrava il bilancio dell'ondata di maltempo che ha colpito il litorale veneto: sarebbero una\u00a0cinquantina i feriti delle trombe d'aria e delle bombe d'acqua.<\/p>\n<p>A Cavallino-Treporti sono due le persone soccorse in elicottero: si tratta di una donna, una turista straniera, travolta dalla caduta di un albero, che \u00e8 stata trasportata in ospedale a Treviso, mentre un altro ferito grave \u00e8 stato trasportato a Mestre. Una quindicina i feriti lievi gi\u00e0 soccorsi dalle autoambulanze sul posto. Le 15 autoambulanze della centrale operativa di Urgenza ed Emergenza dell'Ulss 4 stanno facendo la spola tra i campeggi per soccorrere le persone.<\/p>\n<p>Sul litorale polesano, tra Albarella e Rosolina, la tromba d'aria ha divelto pali elettrici, alberi e automobili e interrotto le linee telefoniche. Le squadre del Suem hanno soccorso tre feriti non gravi ad Albarella, dove dopo la segnalazione di un disperso, \u00e8\u00a0rientrato l'allarme.\u00a0Le ricerche compiute, comunicano i vigili del fuoco, per valutare l'attendibilit\u00e0 della segnalazione non hanno dato alcun esito e non risulta alcuna denuncia di scomparsa.<\/p>\n<p>I vigili del fuoco hanno ricevuto 90 richieste di soccorso dalla provincia di Rovigo, in larga parte legate alla tromba d'aria che si \u00e8 abbattuta sulla zona. Sono 130 quelle sino ad ora giunte ai vigili del fuoco di Venezia. A lamentare danni \u00e8 la stessa citt\u00e0 lagunare dove sono volate via edicole, tende e tavolini all'aperto. Forti temporali, accompagnati da folate di vento, si sono verificati in tutto il Veneto. Una casa ha preso fuoco a Riv\u00e0 di Ariano, per fortuna senza vittime: gli occupanti sono scappati in tempo. A Porto Viro \u00e8 stato abbattuto un traliccio di Terna. Lungo la statale Romea alcuni automezzi in movimento sono stati rovesciati ai bordi della strada.<\/p>\n<p>Il presidente della Regione Zaia, che ha firmato lo stato di crisi, sta seguendo la situazione e l'evolversi dei soccorsi, in contatto costante con il coordinamento del Suemm 118 e con la centrale della Protezione civile regionale. Domani visiter\u00e0 le zone pi\u00f9 colpite dal maltempo, in particolare nei campeggi di Cavallino e in altre zone del litorale veneto.\u00a0La situazione risulta molto grave nelle aree delle spiagge e dei campeggi,\u00a0intensamente affollate in questi giorni di vacanza: l\u00ec la forza del vento ha\u00a0divelto strutture mobili, tende ed alberi, ferendo persone, distruggendo auto e\u00a0mezzi. Dalle prime ore del pomeriggio sono mobilitate 15 squadre della\u00a0Protezione civile tra Venezia e Rovigo, e sono stati allertate le squadre delle altre province venete, nonch\u00e9 del corpo degli Alpini. \u00a0L'Unione organizzativa degli operai forestali del Veneto Orientale \u00e8 gi\u00e0 in movimento per liberare le aree dei campeggi e portare aiuto a turisti e residenti.<\/p>\n<p>In occasione dell'ondata di maltempo caratterizzata da raffiche di vento molto forte che questo pomeriggio si \u00e8 abbattuta sul Friuli Venezia Giulia, causando notevoli danni con interruzioni alla viabilit\u00e0, stradale e ferroviaria, e alle linee elettriche, la Protezione civile ha\u00a0immediatamente messo in campo 190 volontari e 50 automezzi per gli interventi di taglio alberi e pulizia delle strade.<\/p>\n<p>Tutto il Nord \u00e8 interessato da temporali con vento e mareggiate causati da una perturbazione nata in Francia che tende a muoversi verso il Mediterraneo centrale; per cui sono attesi rovesci, vento forte occidentale, calo delle temperature e mare molto mosso in vaste aree del nostro paese, tanto che la Protezione civile ha allertato le regioni centro-settentrionali.\u00a0I fenomeni meteo, impattando sulle diverse aree del Paese, potrebbero determinare delle criticit\u00e0 idrogeologiche e idrauliche che sono riportate, in una sintesi nazionale, nel bollettino di criticit\u00e0 consultabile sul sito del Dipartimento. L'avviso prevede il persistere di precipitazioni, a prevalente carattere di rovescio o temporale, su Piemonte, Lombardia, Friuli Venezia Giulia ed Emilia Romagna. L'avviso prevede poi dalla mattinata di venerd\u00ec 11 agosto venti forti con raffiche di burrasca, sulla Campania, in estensione a Calabria e Sicilia, con possibili mareggiate lungo le coste esposte.<\/p>\n<p>Si sono manifestate violente grandinate in Alto Adige, a Bolzano. In Trentino, in seguito al transito di una perturbazione sulle Alpi sono inoltre attesi fenomeni diffusi che localmente potranno essere di forte intensit\u00e0 e accompagnati da grandinate e forti raffiche di vento, segnala la Protezione civile. Atteso anche un brusco calo delle temperature. Da sabato torneranno condizioni di tempo soleggiato e pi\u00f9 stabile.<\/p>\n<p>In Lombardia codice arancione per quanto riguarda il rischio idrogeologico per le zone di Sondrio, Valchiavenna, Valtellina, e province di Como, Lecco e Varese. Durante i fenomeni pi\u00f9 intensi - precisa la Regione - saranno possibili grandinate, forti raffiche di vento e accumuli di pioggia forti in poco tempo.<\/p>\n<p>A Firenze\u00a0sono caduti alberi e parti delle facciate di alcuni edifici. \u00c8 stato chiuso l'accesso alla cupola del Duomo del capoluogo toscano.\u00a0La sala operativa della Protezione civile regionale ha emesso un codice giallo per temporali forti con vento e mareggiate sulle zone centro-settentrionali della Toscana.<\/p>\n<p>La tempesta che si \u00e8 abbattuta nel Bolognese e in Romagna ha provocato allagamenti di scantinati, garage e avvallamenti stradali un po' ovunque e le forti raffiche di vento hanno abbattuto alberi e perfino una gru, in via Isonzo a Forl\u00ec, senza provocare feriti. A Forl\u00ec il fortunale \u00e8 durato una mezz'ora e in molti luoghi della citt\u00e0 sono stati segnalati allagamenti, lamiere volate via e altri danni. A Ravenna la tempesta \u00e8 stata violenta ma pi\u00f9 breve, causando problemi alla viabilit\u00e0, anche sulla statale Romea fino ai lidi ferraresi, e black out a Lugo e Marina di Ravenna. L'acquazzone nel Bolognese ha colpito soprattutto la zona di Imola, molti gli allagamenti e gli alberi caduti, ma senza feriti ne causare problemi alle strade.<\/p>\n","protected":false},"excerpt":{"rendered":"<p>Si aggrava il bilancio dell&#8217;ondata di maltempo che ha colpito il litorale veneto: sarebbero una\u00a0cinquantina i feriti delle trombe d&#8217;aria e delle bombe d&#8217;acqua. A&#8230;<\/p>\n","protected":false},"author":2,"featured_media":146845,"comment_status":"closed","ping_status":"closed","sticky":false,"template":"","format":"standard","meta":[],"categories":[49,51],"tags":[],"_links":{"self":[{"href":"https:\/\/www.cronacaonline.it\/index.php\/wp-json\/wp\/v2\/posts\/146844"}],"collection":[{"href":"https:\/\/www.cronacaonline.it\/index.php\/wp-json\/wp\/v2\/posts"}],"about":[{"href":"https:\/\/www.cronacaonline.it\/index.php\/wp-json\/wp\/v2\/types\/post"}],"author":[{"embeddable":true,"href":"https:\/\/www.cronacaonline.it\/index.php\/wp-json\/wp\/v2\/users\/2"}],"replies":[{"embeddable":true,"href":"https:\/\/www.cronacaonline.it\/index.php\/wp-json\/wp\/v2\/comments?post=146844"}],"version-history":[{"count":0,"href":"https:\/\/www.cronacaonline.it\/index.php\/wp-json\/wp\/v2\/posts\/146844\/revisions"}],"wp:featuredmedia":[{"embeddable":true,"href":"https:\/\/www.cronacaonline.it\/index.php\/wp-json\/wp\/v2\/media\/146845"}],"wp:attachment":[{"href":"https:\/\/www.cronacaonline.it\/index.php\/wp-json\/wp\/v2\/media?parent=146844"}],"wp:term":[{"taxonomy":"category","embeddable":true,"href":"https:\/\/www.cronacaonline.it\/index.php\/wp-json\/wp\/v2\/categories?post=146844"},{"taxonomy":"post_tag","embeddable":true,"href":"https:\/\/www.cronacaonline.it\/index.php\/wp-json\/wp\/v2\/tags?post=146844"}],"curies":[{"name":"wp","href":"https:\/\/api.w.org\/{rel}","templated":true}]}}