{"id":146822,"date":"2017-08-10T19:40:06","date_gmt":"2017-08-10T17:40:06","guid":{"rendered":"http:\/\/www.cronacaonline.it\/public\/content\/?p=146822"},"modified":"2017-08-10T19:40:06","modified_gmt":"2017-08-10T17:40:06","slug":"maltempo-il-centro-nord-italia-colpito-da-temporali-e-forti-venti","status":"publish","type":"post","link":"https:\/\/www.cronacaonline.it\/index.php\/2017\/08\/10\/maltempo-il-centro-nord-italia-colpito-da-temporali-e-forti-venti\/","title":{"rendered":"Maltempo, il centro-nord Italia colpito da temporali e forti venti"},"content":{"rendered":"<p>Ci sono, per il momento, tre feriti dopo il violento acquazzone e il forte vento che hanno colpito il litorale veneziano e particolarmente la zona fra Jesolo e Punta Sabbioni. I problemi maggiori sono a Cavallino-Treporti, area punteggiata di campeggi, dove sono state divelte tende e sradicati alberi e dove ci sarebbero tre turisti feriti, per quanto non gravemente. I soccorsi sono al lavoro, ma al rilento, perch\u00e9 le strade sono difficilmente praticabili a causa degli alberi caduti.<\/p>\n<p>L'altro punto critico \u00e8 quello del litorale rodigino, dove, oltre ai feriti, ci sarebbe un disperso, per cui le ricerche sono in corso. Le prime testimonianze sostengono che l'uomo, che camminava su un molo, sia stato inghiottito da un'onda.\u00a0I vigili del fuoco hanno ricevuto 90 richieste di soccorso dalla provincia di Rovigo, in larga parte legate alla tromba d'aria che si \u00e8 abbattuta sulla zona. Sono 130 quelle sino ad ora giunte ai vigili del fuoco di Venezia. A lamentare danni \u00e8 la stessa citt\u00e0 lagunare dove sono volate via edicole, tende e tavolini all'aperto. Forti temporali, accompagnati da folate di vento, si sono verificati in tutto il Veneto.<\/p>\n<p>La perturbazione proveniente dalla Francia Tutto il Nord \u00e8 interessato da temporali con vento e mareggiate causati da una perturbazione nata in Francia che tende a muoversi verso il Mediterraneo centrale; per cui sono attesi rovesci, vento forte occidentale, calo delle temperature e mare molto mosso in vaste aree del nostro paese, tanto che la Protezione civile ha allertato le regioni centro-settentrionali.\u00a0I fenomeni meteo, impattando sulle diverse aree del Paese, potrebbero determinare delle criticit\u00e0 idrogeologiche e idrauliche che sono riportate, in una sintesi nazionale, nel bollettino di criticit\u00e0 consultabile sul sito del Dipartimento. L'avviso prevede il persistere di precipitazioni, a prevalente carattere di rovescio o temporale, su Piemonte, Lombardia, Friuli Venezia Giulia ed Emilia Romagna. L'avviso prevede poi dalla mattinata di venerd\u00ec 11 agosto venti forti con raffiche di burrasca, sulla Campania, in estensione a Calabria e Sicilia, con possibili mareggiate lungo le coste esposte. In Trentino in arrivo rovesci e temporali Si sono manifestate violente grandinate in Alto Adige, a Bolzano.<\/p>\n<p>In Trentino, in seguito al transito di una perturbazione sulle Alpi sono inoltre attesi fenomeni diffusi che localmente potranno essere di forte intensit\u00e0 e accompagnati da grandinate e forti raffiche di vento, segnala la Protezione civile. Atteso anche un brusco calo delle temperature. Da sabato torneranno condizioni di tempo soleggiato e pi\u00f9 stabile.<\/p>\n<p>In Lombardia codice arancione per quanto riguarda il rischio idrogeologico per le zone di Sondrio, Valchiavenna, Valtellina, e province di Como, Lecco e Varese. Durante i fenomeni pi\u00f9 intensi - precisa la Regione - saranno possibili grandinate, forti raffiche di vento e accumuli di pioggia forti in poco tempo.<\/p>\n<p>A Firenze\u00a0sono caduti alberi e parti delle facciate di alcuni edifici. \u00c8 stato chiuso l'accesso alla cupola del Duomo del capoluogo toscano.\u00a0La sala operativa della Protezione civile regionale ha emesso un codice giallo per temporali forti con vento e mareggiate sulle zone centro-settentrionali della Toscana.<\/p>\n<p>La tempesta che si \u00e8 abbattuta nel Bolognese e in Romagna ha provocato allagamenti di scantinati, garage e avvallamenti stradali un po' ovunque e le forti raffiche di vento hanno abbattuto alberi e perfino una gru, in via Isonzo a Forl\u00ec, senza provocare feriti. A Forl\u00ec il fortunale \u00e8 durato una mezz'ora e in molti luoghi della citt\u00e0 sono stati segnalati allagamenti, lamiere volate via e altri danni. A Ravenna la tempesta \u00e8 stata violenta ma pi\u00f9 breve, causando problemi alla viabilit\u00e0, anche sulla statale Romea fino ai lidi ferraresi, e black out a Lugo e Marina di Ravenna. L'acquazzone nel Bolognese ha colpito soprattutto la zona di Imola, molti gli allagamenti e gli alberi caduti, ma senza feriti ne causare problemi alle strade.<\/p>\n","protected":false},"excerpt":{"rendered":"<p>Ci sono, per il momento, tre feriti dopo il violento acquazzone e il forte vento che hanno colpito il litorale veneziano e particolarmente la zona&#8230;<\/p>\n","protected":false},"author":2,"featured_media":117190,"comment_status":"closed","ping_status":"closed","sticky":false,"template":"","format":"standard","meta":[],"categories":[49,51],"tags":[],"_links":{"self":[{"href":"https:\/\/www.cronacaonline.it\/index.php\/wp-json\/wp\/v2\/posts\/146822"}],"collection":[{"href":"https:\/\/www.cronacaonline.it\/index.php\/wp-json\/wp\/v2\/posts"}],"about":[{"href":"https:\/\/www.cronacaonline.it\/index.php\/wp-json\/wp\/v2\/types\/post"}],"author":[{"embeddable":true,"href":"https:\/\/www.cronacaonline.it\/index.php\/wp-json\/wp\/v2\/users\/2"}],"replies":[{"embeddable":true,"href":"https:\/\/www.cronacaonline.it\/index.php\/wp-json\/wp\/v2\/comments?post=146822"}],"version-history":[{"count":0,"href":"https:\/\/www.cronacaonline.it\/index.php\/wp-json\/wp\/v2\/posts\/146822\/revisions"}],"wp:featuredmedia":[{"embeddable":true,"href":"https:\/\/www.cronacaonline.it\/index.php\/wp-json\/"}],"wp:attachment":[{"href":"https:\/\/www.cronacaonline.it\/index.php\/wp-json\/wp\/v2\/media?parent=146822"}],"wp:term":[{"taxonomy":"category","embeddable":true,"href":"https:\/\/www.cronacaonline.it\/index.php\/wp-json\/wp\/v2\/categories?post=146822"},{"taxonomy":"post_tag","embeddable":true,"href":"https:\/\/www.cronacaonline.it\/index.php\/wp-json\/wp\/v2\/tags?post=146822"}],"curies":[{"name":"wp","href":"https:\/\/api.w.org\/{rel}","templated":true}]}}