{"id":146815,"date":"2017-08-10T19:28:14","date_gmt":"2017-08-10T17:28:14","guid":{"rendered":"http:\/\/www.cronacaonline.it\/public\/content\/?p=146815"},"modified":"2017-08-10T19:28:14","modified_gmt":"2017-08-10T17:28:14","slug":"comune-di-cagliari-i-matrimoni-e-le-unioni-civili-non-si-celebreranno-solo-in-comune","status":"publish","type":"post","link":"https:\/\/www.cronacaonline.it\/index.php\/2017\/08\/10\/comune-di-cagliari-i-matrimoni-e-le-unioni-civili-non-si-celebreranno-solo-in-comune\/","title":{"rendered":"Comune di Cagliari &#8211; I matrimoni e le unioni civili non si celebreranno solo in Comune"},"content":{"rendered":"<p>Cagliari, 10 Ago 2017 - \u201cUn Matrimonio fuori dal Comune. A Cagliari l\u2019amore non ha confini\u201d \u00e8 lo slogan\u00a0 studiato dall'Amministrazione per promuovere la celebrazione dei matrimoni e delle unioni civili fuori dalle classiche sedi del Municipio di via Roma e della Municipalit\u00e0 di Pirri.<br \/>\nIn italiano e in inglese, destinata in particolare ai turisti, la campagna di promozione \u00e8 partita\u00a0oggi\u00a0nell'area arrivi dell'aeroporto di Elmas \u2013 nella quale transitano ogni anno 1.900.000 passeggeri \u2013 con un pannello illuminato (3 metri per 1,80) che, nella prima fase, presenta un'immagine della terrazza del Bastione di Saint Remy. Nei mesi successivi verranno pubblicizzate, in un ideale percorso fotografico, le altre sedi individuate per le celebrazioni: l'Antico Palazzo di Citt\u00e0, l'Arena di Marina Piccola, il Lazzaretto a Sant'Elia, il Castello di San Michele, il parco della Ex Vetreria a Pirri e i Giardini Pubblici.<br \/>\n\u201cQuesta campagna, realizzata in collaborazione con l\u2019assessora al Turismo Marzia Cilloccu - spiega l\u2019assessore ai Servizi demografici Danilo Fadda - ci aiuta a rafforzare l\u2019immagine di Cagliari come citt\u00e0 sempre pi\u00f9 accogliente e in grado di offrire ai tanti cittadini italiani e stranieri la possibilit\u00e0 di celebrare il loro matrimonio o la loro unione civile in spazi unici, suggestivi e ricchi di fascino. In un momento nel quale l'Italia risulta tra le destinazioni pi\u00f9 ambite e ricercate nell\u2019ambito dell\u2019offerta turistica matrimoniale - prosegue l\u2019assessore Fadda - l\u2019obiettivo \u00e8 quello di inserirci in questa nuova fetta di mercato. Siamo infatti certi che, fra le tante localit\u00e0 italiane, Cagliari con il suo patrimonio storico architettonico e paesaggistico abbia tutte le carte in regola per vincere questa sfida e diventare luogo ideale per la celebrazione dei matrimoni e delle unioni civili di molte future coppie\u201d. Red<\/p>\n","protected":false},"excerpt":{"rendered":"<p>Cagliari, 10 Ago 2017 &#8211; \u201cUn Matrimonio fuori dal Comune. A Cagliari l\u2019amore non ha confini\u201d \u00e8 lo slogan\u00a0 studiato dall&#8217;Amministrazione per promuovere la celebrazione&#8230;<\/p>\n","protected":false},"author":2,"featured_media":0,"comment_status":"closed","ping_status":"closed","sticky":false,"template":"","format":"standard","meta":[],"categories":[49,51,52],"tags":[],"_links":{"self":[{"href":"https:\/\/www.cronacaonline.it\/index.php\/wp-json\/wp\/v2\/posts\/146815"}],"collection":[{"href":"https:\/\/www.cronacaonline.it\/index.php\/wp-json\/wp\/v2\/posts"}],"about":[{"href":"https:\/\/www.cronacaonline.it\/index.php\/wp-json\/wp\/v2\/types\/post"}],"author":[{"embeddable":true,"href":"https:\/\/www.cronacaonline.it\/index.php\/wp-json\/wp\/v2\/users\/2"}],"replies":[{"embeddable":true,"href":"https:\/\/www.cronacaonline.it\/index.php\/wp-json\/wp\/v2\/comments?post=146815"}],"version-history":[{"count":0,"href":"https:\/\/www.cronacaonline.it\/index.php\/wp-json\/wp\/v2\/posts\/146815\/revisions"}],"wp:attachment":[{"href":"https:\/\/www.cronacaonline.it\/index.php\/wp-json\/wp\/v2\/media?parent=146815"}],"wp:term":[{"taxonomy":"category","embeddable":true,"href":"https:\/\/www.cronacaonline.it\/index.php\/wp-json\/wp\/v2\/categories?post=146815"},{"taxonomy":"post_tag","embeddable":true,"href":"https:\/\/www.cronacaonline.it\/index.php\/wp-json\/wp\/v2\/tags?post=146815"}],"curies":[{"name":"wp","href":"https:\/\/api.w.org\/{rel}","templated":true}]}}