{"id":146765,"date":"2017-08-09T20:37:43","date_gmt":"2017-08-09T18:37:43","guid":{"rendered":"http:\/\/www.cronacaonline.it\/public\/content\/?p=146765"},"modified":"2017-08-09T20:37:43","modified_gmt":"2017-08-09T18:37:43","slug":"decreto-camere-di-commercio-spanu-e-piras-soluzione-che-premia-azione-congiunta-istituzioni-sarde","status":"publish","type":"post","link":"https:\/\/www.cronacaonline.it\/index.php\/2017\/08\/09\/decreto-camere-di-commercio-spanu-e-piras-soluzione-che-premia-azione-congiunta-istituzioni-sarde\/","title":{"rendered":"Decreto camere di commercio, Spanu e Piras: soluzione che premia azione congiunta istituzioni sarde"},"content":{"rendered":"<p>Cagliari, 9 Ago 2017 -\u00a0\u201c\u00c8 una soluzione di gran rilievo, se si pensa che in tutta Italia vengono riconosciute 60 Camere di commercio\u201d, \u00e8 il commento dell\u2019assessore agli Affari generali alla firma del ministro dello Sviluppo economico apposta ieri al Decreto di riforma degli enti camerali, che ne riconosce tre alla Sardegna: quelle di Cagliari-Oristano, Nuoro e Sassari. \u201c\u00c8 esattamente il modello proposto dal presidente Francesco Pigliaru lo scorso maggio in una lettera inviata al Governo, con la quale suggeriva la miglior efficienza nell\u2019utilizzo delle risorse, la salvaguardia delle specialit\u00e0 e il rispetto della volont\u00e0 di tutti i territori\u201d, sottolinea ancora Spanu.<\/p>\n<p>\u201c\u00c8 un risultato importante che abbiamo ottenuto grazie alla coesione di Giunta, Consiglio regionale, parlamentari sardi e associazioni di categoria\u201d, commenta l\u2019assessora dell\u2019Industria, Maria Grazia Piras. \u201cMantenere tre Camere di Commercio a Cagliari, Sassari e Nuoro, con i relativi servizi essenziali, consentir\u00e0 di essere pi\u00f9 vicini alle esigenze delle imprese per un rilancio delle attivit\u00e0 economiche della Sardegna\u201d.<\/p>\n<p>Importante, per l\u2019assessore Spanu, anche \u201cla permanenza dell\u2019Ufficio regionale di Unioncamere, che sarebbe stato impossibile con due sole Camere di commercio: in questo modo si va a consolidare il rapporto con la Regione, che sempre di pi\u00f9 chiede alle Camere di rapportarsi su tutte le politiche per le imprese in modo unitario\u201d.<\/p>\n","protected":false},"excerpt":{"rendered":"<p>Cagliari, 9 Ago 2017 &#8211;\u00a0\u201c\u00c8 una soluzione di gran rilievo, se si pensa che in tutta Italia vengono riconosciute 60 Camere di commercio\u201d, \u00e8 il&#8230;<\/p>\n","protected":false},"author":2,"featured_media":132863,"comment_status":"closed","ping_status":"closed","sticky":false,"template":"","format":"standard","meta":[],"categories":[49,51,52],"tags":[],"_links":{"self":[{"href":"https:\/\/www.cronacaonline.it\/index.php\/wp-json\/wp\/v2\/posts\/146765"}],"collection":[{"href":"https:\/\/www.cronacaonline.it\/index.php\/wp-json\/wp\/v2\/posts"}],"about":[{"href":"https:\/\/www.cronacaonline.it\/index.php\/wp-json\/wp\/v2\/types\/post"}],"author":[{"embeddable":true,"href":"https:\/\/www.cronacaonline.it\/index.php\/wp-json\/wp\/v2\/users\/2"}],"replies":[{"embeddable":true,"href":"https:\/\/www.cronacaonline.it\/index.php\/wp-json\/wp\/v2\/comments?post=146765"}],"version-history":[{"count":0,"href":"https:\/\/www.cronacaonline.it\/index.php\/wp-json\/wp\/v2\/posts\/146765\/revisions"}],"wp:featuredmedia":[{"embeddable":true,"href":"https:\/\/www.cronacaonline.it\/index.php\/wp-json\/wp\/v2\/media\/132863"}],"wp:attachment":[{"href":"https:\/\/www.cronacaonline.it\/index.php\/wp-json\/wp\/v2\/media?parent=146765"}],"wp:term":[{"taxonomy":"category","embeddable":true,"href":"https:\/\/www.cronacaonline.it\/index.php\/wp-json\/wp\/v2\/categories?post=146765"},{"taxonomy":"post_tag","embeddable":true,"href":"https:\/\/www.cronacaonline.it\/index.php\/wp-json\/wp\/v2\/tags?post=146765"}],"curies":[{"name":"wp","href":"https:\/\/api.w.org\/{rel}","templated":true}]}}