{"id":146740,"date":"2017-08-09T14:56:52","date_gmt":"2017-08-09T12:56:52","guid":{"rendered":"http:\/\/www.cronacaonline.it\/public\/content\/?p=146740"},"modified":"2017-08-09T14:56:52","modified_gmt":"2017-08-09T12:56:52","slug":"industria-piras-su-ottana-non-ancora-scritta-la-parola-fine","status":"publish","type":"post","link":"https:\/\/www.cronacaonline.it\/index.php\/2017\/08\/09\/industria-piras-su-ottana-non-ancora-scritta-la-parola-fine\/","title":{"rendered":"Industria, Piras: su Ottana non ancora scritta la parola \u2018fine\u2019"},"content":{"rendered":"<p>Cagliari, 9 Ago 2017\u00a0\u2013 \u201cIn questi ultimi anni, la Regione ha fatto il possibile perch\u00e9 non si arrivasse a questa situazione, ma i numerosi incontri avuti con l\u2019imprenditore non hanno prodotto risultati\u201d, lo dice l\u2019assessora dell\u2019Industria, Maria Grazia Piras, in riferimento alla vicenda di Ottana Polimeri. \u201cCome assessorato, abbiamo portato all\u2019attenzione del Governo nazionale la questione Ottana nel suo complesso, suggerendo un percorso che prevedeva l\u2019accorciamento della filiera produttiva e una soluzione strategica che garantisse la ripresa del sito e la continuit\u00e0 produttiva della chimica e del sistema energetico. Ricordo \u2013 aggiunge l\u2019assessora \u2013 che abbiamo accompagnato l\u2019imprenditore nelle varie ipotesi di rilancio della chimica, favorendo il rapporto con l\u2019Eni per l\u2019acquisizione dell\u2019impianto di Sarroch. Nonostante questo, l\u2019azienda ha dichiarato che non ci sono le condizioni per un rilancio della chimica, in particolare per motivi legati a questioni di concorrenza internazionale. Lo stesso imprenditore, tuttavia, si \u00e8 impegnato a portare avanti gli altri progetti in essere: la riconversione a metano della centrale termoelettrica e gli investimenti sulla metanizzazione e sui depositi costieri.<\/p>\n<p>Noi \u2013 afferma l\u2019assessora \u2013 vigileremo perch\u00e9 questi impegni siano rispettati e ci aspettiamo che vadano in porto i progetti sull\u2019attivit\u00e0 di riciclaggio della plastica, attivit\u00e0 quest\u2019ultima che potrebbe portare al riassorbimento di una parte dei lavoratori che andranno in ASPI. Sono impegni precisi che l\u2019imprenditore si \u00e8 assunto sia davanti al MISE che negli incontri in assessorato alla presenza dei sindacati. Ecco perch\u00e9 sono convinta che sulla vicenda Ottana Polimeri non sia stata ancora scritta la parola \u2018fine\u2019. La Regione non pu\u00f2 fare impresa ma, come \u00e8 accaduto in questi anni, continuer\u00e0 a creare le condizioni perch\u00e9 nuovi imprenditori sappiano far ripartire la produzione di Ottana Polimeri. Noi \u2013 conclude l\u2019assessora \u2013 siamo sempre stati disponibili a trovare una soluzione e puntiamo a un\u2019azione congiunta con tutti i soggetti interessati. A breve, intanto, sar\u00e0 fatta un\u2019analisi puntuale sulle richieste arrivate per interventi a valere sui bandi legati al rilancio delle attivit\u00e0 industriali della zona. Verificheremo quali sono le iniziative in campo e lavoreremo per garantire l\u2019avvio rapido dei progetti\u201d.<\/p>\n","protected":false},"excerpt":{"rendered":"<p>Cagliari, 9 Ago 2017\u00a0\u2013 \u201cIn questi ultimi anni, la Regione ha fatto il possibile perch\u00e9 non si arrivasse a questa situazione, ma i numerosi incontri&#8230;<\/p>\n","protected":false},"author":2,"featured_media":133531,"comment_status":"closed","ping_status":"closed","sticky":false,"template":"","format":"standard","meta":[],"categories":[49,51,52],"tags":[],"_links":{"self":[{"href":"https:\/\/www.cronacaonline.it\/index.php\/wp-json\/wp\/v2\/posts\/146740"}],"collection":[{"href":"https:\/\/www.cronacaonline.it\/index.php\/wp-json\/wp\/v2\/posts"}],"about":[{"href":"https:\/\/www.cronacaonline.it\/index.php\/wp-json\/wp\/v2\/types\/post"}],"author":[{"embeddable":true,"href":"https:\/\/www.cronacaonline.it\/index.php\/wp-json\/wp\/v2\/users\/2"}],"replies":[{"embeddable":true,"href":"https:\/\/www.cronacaonline.it\/index.php\/wp-json\/wp\/v2\/comments?post=146740"}],"version-history":[{"count":0,"href":"https:\/\/www.cronacaonline.it\/index.php\/wp-json\/wp\/v2\/posts\/146740\/revisions"}],"wp:featuredmedia":[{"embeddable":true,"href":"https:\/\/www.cronacaonline.it\/index.php\/wp-json\/wp\/v2\/media\/133531"}],"wp:attachment":[{"href":"https:\/\/www.cronacaonline.it\/index.php\/wp-json\/wp\/v2\/media?parent=146740"}],"wp:term":[{"taxonomy":"category","embeddable":true,"href":"https:\/\/www.cronacaonline.it\/index.php\/wp-json\/wp\/v2\/categories?post=146740"},{"taxonomy":"post_tag","embeddable":true,"href":"https:\/\/www.cronacaonline.it\/index.php\/wp-json\/wp\/v2\/tags?post=146740"}],"curies":[{"name":"wp","href":"https:\/\/api.w.org\/{rel}","templated":true}]}}