{"id":146714,"date":"2017-08-08T18:58:57","date_gmt":"2017-08-08T16:58:57","guid":{"rendered":"http:\/\/www.cronacaonline.it\/public\/content\/?p=146714"},"modified":"2017-08-08T18:58:57","modified_gmt":"2017-08-08T16:58:57","slug":"cammini-e-percorsi-la-giunta-approva-adesione-al-progetto-assessore-erriu-impulso-al-turismo-e-alleconomia-dei-territori","status":"publish","type":"post","link":"https:\/\/www.cronacaonline.it\/index.php\/2017\/08\/08\/cammini-e-percorsi-la-giunta-approva-adesione-al-progetto-assessore-erriu-impulso-al-turismo-e-alleconomia-dei-territori\/","title":{"rendered":"Cammini e percorsi, la giunta approva adesione al progetto. Assessore Erriu: impulso al turismo e all\u2019economia dei territori"},"content":{"rendered":"<p>Cagliari, 8 Ago 2017\u00a0\u2013 La Giunta ha approvato la delibera con la quale la Regione aderisce al progetto nazionale \u2018Cammini e Percorsi\u2019 promosso dal Ministero per i Beni e le Attivit\u00e0 culturali, dal Ministero delle Infrastrutture e Trasporti e dall\u2019Agenzia del Demanio, per la riqualificazione ed il riuso degli immobili di propriet\u00e0 della Regione o degli enti locali che ricadono nella fascia di rispetto di cammini storico-religiosi e di percorsi ciclopedonali. \u201cSi tratta di una serie di azioni a rete \u2013 sottolinea l\u2019assessore degli Enti locali, Cristiano Erriu \u2013 che coinvolgono gli enti territoriali e mirano, da un lato, a incentivare il cosiddetto turismo lento e, da un altro versante, a valorizzare gli immobili pubblici ubicati in prossimit\u00e0 di cammini storico-religiosi e percorsi ciclopedonali. In tal modo sar\u00e0 possibile offrire servizi ai camminatori, ai pellegrini e ai ciclisti che transiteranno in quei luoghi\u201d. Gli immobili di propriet\u00e0 regionale sono per lo pi\u00f9 costruzioni tipiche della tradizione locale, case cantoniere, caselli idraulici, piccole stazioni ed altri edifici di particolare pregio culturale che, secondo la logica del progetto, una volta riqualificati potranno offrire servizi connessi alla sosta, permanenza, svago e relax.<\/p>\n<p>\u201cLa Giunta Pigliaru \u2013 ricorda Erriu \u2013 sta dando grande importanza agli itinerari religiosi in tutta la Sardegna e all\u2019indotto turistico ed economico che generano. Non a caso l\u2019esecutivo ha dato un forte impulso in materia di ciclovie, percorsi pedonali e reti infrastrutturali storiche: cito per tutti l\u2019esempio dell\u2019intervento di conservazione e valorizzazione della Ferrovia storica del Sulcis, grazie al quale le stazioni e i caselli inutilizzati presenti lungo la tratta ferroviaria potranno essere riqualificati e impiegati per finalit\u00e0 turistico-ricettive. Oltre al recupero di queste strutture, vi \u00e8 la possibilit\u00e0 di diversificare l\u2019offerta turistica costruendo un modello di sviluppo economico e sociale, soprattutto delle zone dell\u2019interno, secondo una logica diffusa ed integrata volta a valorizzare il patrimonio naturalistico e storico-culturale in un\u2019ottica di destagionalizzazione dell\u2019offerta turistica stessa\u201d. La Giunta ha poi dato mandato all\u2019Assessorato degli Enti locali di adeguare l\u2019accordo di collaborazione con l\u2019Agenzia del Demanio, riferito al Programma Orizzonte Fari di prossima stipula, includendovi anche i criteri e modalit\u00e0 per l\u2019attuazione del progetto Cammini e Percorsi. Com<\/p>\n","protected":false},"excerpt":{"rendered":"<p>Cagliari, 8 Ago 2017\u00a0\u2013 La Giunta ha approvato la delibera con la quale la Regione aderisce al progetto nazionale \u2018Cammini e Percorsi\u2019 promosso dal Ministero&#8230;<\/p>\n","protected":false},"author":2,"featured_media":0,"comment_status":"closed","ping_status":"closed","sticky":false,"template":"","format":"standard","meta":[],"categories":[49,51,52],"tags":[],"_links":{"self":[{"href":"https:\/\/www.cronacaonline.it\/index.php\/wp-json\/wp\/v2\/posts\/146714"}],"collection":[{"href":"https:\/\/www.cronacaonline.it\/index.php\/wp-json\/wp\/v2\/posts"}],"about":[{"href":"https:\/\/www.cronacaonline.it\/index.php\/wp-json\/wp\/v2\/types\/post"}],"author":[{"embeddable":true,"href":"https:\/\/www.cronacaonline.it\/index.php\/wp-json\/wp\/v2\/users\/2"}],"replies":[{"embeddable":true,"href":"https:\/\/www.cronacaonline.it\/index.php\/wp-json\/wp\/v2\/comments?post=146714"}],"version-history":[{"count":0,"href":"https:\/\/www.cronacaonline.it\/index.php\/wp-json\/wp\/v2\/posts\/146714\/revisions"}],"wp:attachment":[{"href":"https:\/\/www.cronacaonline.it\/index.php\/wp-json\/wp\/v2\/media?parent=146714"}],"wp:term":[{"taxonomy":"category","embeddable":true,"href":"https:\/\/www.cronacaonline.it\/index.php\/wp-json\/wp\/v2\/categories?post=146714"},{"taxonomy":"post_tag","embeddable":true,"href":"https:\/\/www.cronacaonline.it\/index.php\/wp-json\/wp\/v2\/tags?post=146714"}],"curies":[{"name":"wp","href":"https:\/\/api.w.org\/{rel}","templated":true}]}}