{"id":146712,"date":"2017-08-08T18:56:51","date_gmt":"2017-08-08T16:56:51","guid":{"rendered":"http:\/\/www.cronacaonline.it\/public\/content\/?p=146712"},"modified":"2017-08-08T18:56:51","modified_gmt":"2017-08-08T16:56:51","slug":"disegno-legge-governo-del-territorio-assessore-erriu-replica-al-coordinatore-dei-verdi-angelo-bonelli","status":"publish","type":"post","link":"https:\/\/www.cronacaonline.it\/index.php\/2017\/08\/08\/disegno-legge-governo-del-territorio-assessore-erriu-replica-al-coordinatore-dei-verdi-angelo-bonelli\/","title":{"rendered":"Disegno legge governo del territorio: Assessore Erriu replica al coordinatore dei verdi, Angelo Bonelli"},"content":{"rendered":"<p>Cagliari, 8 Ago 2017\u00a0- \u201cSembra lo sport dell\u2019estate, lanciare strali alla cieca contro una proposta che nessuno si preoccupa di studiare. Avevamo gi\u00e0 esortato Bonelli ad informarsi, prima di rilasciare dichiarazioni sul Ddl di Governo del territorio della Sardegna. E lo facciamo nuovamente.<\/p>\n<p>I Verdi \u2013 secondo l\u2019assessore regionale - parlano\u00a0oggi\u00a0di 3 milioni di metri cubi sulle coste; hanno elaborato delle stime? Rendano noti quali criteri hanno utilizzato: se l\u2019affidabilit\u00e0 dei loro numeri \u00e8 la stessa delle parole del loro coordinatore nazionale, che cita a sproposito nuove cubature per multipropriet\u00e0 e lottizzazioni \u2013 nel Ddl esplicitamente vietate \u2013 l\u2019unica misura deducibile \u00e8 quella dell\u2019ignoranza e del pregiudizio verso un progetto che \u00e8 invece tutto orientato a trovare il miglior equilibrio tra tutela del paesaggio e legittime prospettive di sviluppo della Sardegna. E sul quale ci stiamo confrontando apertamente in maniera dialogica e per niente dogmatica\u201d.<\/p>\n<p>Lo afferma l\u2019assessore regionale degli Enti locali Cristiano Erriu, a seguito della nota stampa rilasciata dal coordinatore nazionale dei Verdi Angelo Bonelli. Com<\/p>\n","protected":false},"excerpt":{"rendered":"<p>Cagliari, 8 Ago 2017\u00a0&#8211; \u201cSembra lo sport dell\u2019estate, lanciare strali alla cieca contro una proposta che nessuno si preoccupa di studiare. Avevamo gi\u00e0 esortato Bonelli&#8230;<\/p>\n","protected":false},"author":2,"featured_media":140801,"comment_status":"closed","ping_status":"closed","sticky":false,"template":"","format":"standard","meta":[],"categories":[49,51,52],"tags":[],"_links":{"self":[{"href":"https:\/\/www.cronacaonline.it\/index.php\/wp-json\/wp\/v2\/posts\/146712"}],"collection":[{"href":"https:\/\/www.cronacaonline.it\/index.php\/wp-json\/wp\/v2\/posts"}],"about":[{"href":"https:\/\/www.cronacaonline.it\/index.php\/wp-json\/wp\/v2\/types\/post"}],"author":[{"embeddable":true,"href":"https:\/\/www.cronacaonline.it\/index.php\/wp-json\/wp\/v2\/users\/2"}],"replies":[{"embeddable":true,"href":"https:\/\/www.cronacaonline.it\/index.php\/wp-json\/wp\/v2\/comments?post=146712"}],"version-history":[{"count":0,"href":"https:\/\/www.cronacaonline.it\/index.php\/wp-json\/wp\/v2\/posts\/146712\/revisions"}],"wp:featuredmedia":[{"embeddable":true,"href":"https:\/\/www.cronacaonline.it\/index.php\/wp-json\/wp\/v2\/media\/140801"}],"wp:attachment":[{"href":"https:\/\/www.cronacaonline.it\/index.php\/wp-json\/wp\/v2\/media?parent=146712"}],"wp:term":[{"taxonomy":"category","embeddable":true,"href":"https:\/\/www.cronacaonline.it\/index.php\/wp-json\/wp\/v2\/categories?post=146712"},{"taxonomy":"post_tag","embeddable":true,"href":"https:\/\/www.cronacaonline.it\/index.php\/wp-json\/wp\/v2\/tags?post=146712"}],"curies":[{"name":"wp","href":"https:\/\/api.w.org\/{rel}","templated":true}]}}