{"id":145884,"date":"2017-07-23T16:12:58","date_gmt":"2017-07-23T14:12:58","guid":{"rendered":"http:\/\/www.cronacaonline.it\/public\/content\/?p=145884"},"modified":"2017-07-23T16:12:58","modified_gmt":"2017-07-23T14:12:58","slug":"il-tenore-francesco-demuro-ha-ricevuto-il-15mo-premio-zenias-nella-prima-serata-del-32mo-ittiri-folk-festa-dedicata-ai-balli","status":"publish","type":"post","link":"https:\/\/www.cronacaonline.it\/index.php\/2017\/07\/23\/il-tenore-francesco-demuro-ha-ricevuto-il-15mo-premio-zenias-nella-prima-serata-del-32mo-ittiri-folk-festa-dedicata-ai-balli\/","title":{"rendered":"Il Tenore Francesco Demuro ha ricevuto il 15\/Mo premio Zenias nella prima serata del 32\/Mo Ittiri Folk Festa dedicata ai balli."},"content":{"rendered":"<p>&nbsp;<\/p>\n<p>Ittiri (SS), 23 Lug 217 - Dal Metropolitan di New York a all'Opera di Parigi, da La Scala di Milano all'Arena di Verona, con passaggi a Tokio, Madrid, Berlino, Montecarlo, Francoforte. Il tenore portotorrese Francesco Demuro \u00e8 uno dei migliori testimonial della Sardegna in giro per il mondo, eppure non scorda mai la sua isola e le origini di cantadore a chiterra. Lo ha ricordato anche sabato notte sul palco del 32\u00b0 Ittiri Folk Festa, quando ha ricevuto il Premio Zenias da Leonardo Marras, presidente dell'omonima associazione, che lo ha definito \u201cun genio\u201d. Questa la motivazione del prestigioso riconoscimento che va ad aggiungersi agli altri premi vinti da Francesco Demuro: &lt;Il suo successo mondiale \u00e8 l\u2019emblematico esempio di come il dono della natura di una voce incomparabile, unita allo studio intenso, alla tenacia, alla forza e consapevolezza delle proprie capacit\u00e0, pu\u00f2 significare la piena concretizzazione del sogno di ciascun uomo&gt;.<\/p>\n<p>Demuro ha ringraziato alla sua maniera: un sorriso solare e un'esibizione da cantadore di razza, tra canto in re e logudoresa. \u00c8 stato uno dei momenti magici della prima serata dedicata al ballo. Che ha visto esibirsi le compagnie provenienti da Moldavia, Cile e Turchia e alcuni gruppi sardi.<\/p>\n<p>Il festival internazionale organizzato dall'associazione Ittiri Cannedu propone luned\u00ec un altro momento di scambio e di amicizia: questa volta la protagonista \u00e8 la cucina. Dalle ore 21 in piazza Umberto si svolger\u00e0 la \u201cRassegna di sapori e musiche dal mondo\u201d, con i gruppi stranieri e sardi impegnati a condividere alcuni piatti tradizionali. Naturalmente il finale sar\u00e0 ancora una volta nel segno del ballo e della musica, linguaggi universali che uniscono.\u00a0Red-com<\/p>\n","protected":false},"excerpt":{"rendered":"<p>&nbsp; Ittiri (SS), 23 Lug 217 &#8211; Dal Metropolitan di New York a all&#8217;Opera di Parigi, da La Scala di Milano all&#8217;Arena di Verona, con&#8230;<\/p>\n","protected":false},"author":2,"featured_media":145885,"comment_status":"closed","ping_status":"closed","sticky":false,"template":"","format":"standard","meta":[],"categories":[49,51,54],"tags":[],"_links":{"self":[{"href":"https:\/\/www.cronacaonline.it\/index.php\/wp-json\/wp\/v2\/posts\/145884"}],"collection":[{"href":"https:\/\/www.cronacaonline.it\/index.php\/wp-json\/wp\/v2\/posts"}],"about":[{"href":"https:\/\/www.cronacaonline.it\/index.php\/wp-json\/wp\/v2\/types\/post"}],"author":[{"embeddable":true,"href":"https:\/\/www.cronacaonline.it\/index.php\/wp-json\/wp\/v2\/users\/2"}],"replies":[{"embeddable":true,"href":"https:\/\/www.cronacaonline.it\/index.php\/wp-json\/wp\/v2\/comments?post=145884"}],"version-history":[{"count":0,"href":"https:\/\/www.cronacaonline.it\/index.php\/wp-json\/wp\/v2\/posts\/145884\/revisions"}],"wp:featuredmedia":[{"embeddable":true,"href":"https:\/\/www.cronacaonline.it\/index.php\/wp-json\/wp\/v2\/media\/145885"}],"wp:attachment":[{"href":"https:\/\/www.cronacaonline.it\/index.php\/wp-json\/wp\/v2\/media?parent=145884"}],"wp:term":[{"taxonomy":"category","embeddable":true,"href":"https:\/\/www.cronacaonline.it\/index.php\/wp-json\/wp\/v2\/categories?post=145884"},{"taxonomy":"post_tag","embeddable":true,"href":"https:\/\/www.cronacaonline.it\/index.php\/wp-json\/wp\/v2\/tags?post=145884"}],"curies":[{"name":"wp","href":"https:\/\/api.w.org\/{rel}","templated":true}]}}