{"id":145881,"date":"2017-07-23T16:08:19","date_gmt":"2017-07-23T14:08:19","guid":{"rendered":"http:\/\/www.cronacaonline.it\/public\/content\/?p=145881"},"modified":"2017-07-23T16:08:19","modified_gmt":"2017-07-23T14:08:19","slug":"pluripregiudicato-senza-fissa-dimora-arrestato-dai-carabinieri-della-compagnia-di-carbonia-per-resistenza-a-pubblico-ufficiale-e-guida-senza-patente","status":"publish","type":"post","link":"https:\/\/www.cronacaonline.it\/index.php\/2017\/07\/23\/pluripregiudicato-senza-fissa-dimora-arrestato-dai-carabinieri-della-compagnia-di-carbonia-per-resistenza-a-pubblico-ufficiale-e-guida-senza-patente\/","title":{"rendered":"Pluripregiudicato senza fissa dimora arrestato dai carabinieri della compagnia di Carbonia per resistenza a Pubblico Ufficiale e guida senza patente."},"content":{"rendered":"<p>Carbonia, 23 Lug 2017 - Durante la notte i carabinieri del Nucleo radiomobile della compagnia di Carbonia hanno arrestato Oliviero Mocci, di 45 anni, senza fissa dimora, per guida senza patente (non \u00e8 la prima volta) e resistenza a Pubblico Ufficiale. Il pluripregiudicato, in libert\u00e0 vigilata, affidato in prova ai servizi sociali, avvisato orale e anche ritenuto l'autore di alcuni degli ultimi incendi di auto.<\/p>\n<p>L\u2019uomo, alla vista dei militari che gli intimavano si \u00e8 dato alla fuga creando notevole panico nel centro urbano di Carbonia Tra Via Gramsci, Via Nuoro e Piazza Matteotti, conducendo il veicolo in maniera irresponsabile, cercando di speronare, senza riuscirci, la pattuglia della radiomobile e imboccando via delle poste in contromano.<\/p>\n<p>Con una manovra congiunta i militari della Stazione di Carbonia, che procedeva lungo la via, hanno bloccato la via d'uscita, mentre la radiomobile bloccava la strada nel senso contrario.<\/p>\n<p>Quindi Mocci, vistosi ormai fermato si \u00e8 chiuso all\u2019interno dell'autovettura per alcuni minuti e una volta sceso dal veicolo ha lanciato una mazza di legno verso i militari ma non li ha colpiti. A questo punto \u00e8 stato bloccato e dichiarato in arresto. Poi gli sono state anche elevate e contestate numerose altre violazioni al c.d.s tra cui: guida senza assicurazione, guida senza revisione, guida contromano e attraversamento semaforico con luce rossa, oltre a quelle pi\u00f9 banali come la cintura di sicurezza e la guida pericolosa.<\/p>\n<p>L\u2019uomo dopo il fermo \u00e8 stato portato in caserma dove, ultimate le formalit\u00e0 di legge, \u00e8 stato trattenuto nelle camere di sicurezza nell\u2019attesa del rito direttissimo previsto per domani luned\u00ec 24 luglio.<\/p>\n","protected":false},"excerpt":{"rendered":"<p>Carbonia, 23 Lug 2017 &#8211; Durante la notte i carabinieri del Nucleo radiomobile della compagnia di Carbonia hanno arrestato Oliviero Mocci, di 45 anni, senza&#8230;<\/p>\n","protected":false},"author":2,"featured_media":143371,"comment_status":"closed","ping_status":"closed","sticky":false,"template":"","format":"standard","meta":[],"categories":[49,51,55],"tags":[],"_links":{"self":[{"href":"https:\/\/www.cronacaonline.it\/index.php\/wp-json\/wp\/v2\/posts\/145881"}],"collection":[{"href":"https:\/\/www.cronacaonline.it\/index.php\/wp-json\/wp\/v2\/posts"}],"about":[{"href":"https:\/\/www.cronacaonline.it\/index.php\/wp-json\/wp\/v2\/types\/post"}],"author":[{"embeddable":true,"href":"https:\/\/www.cronacaonline.it\/index.php\/wp-json\/wp\/v2\/users\/2"}],"replies":[{"embeddable":true,"href":"https:\/\/www.cronacaonline.it\/index.php\/wp-json\/wp\/v2\/comments?post=145881"}],"version-history":[{"count":0,"href":"https:\/\/www.cronacaonline.it\/index.php\/wp-json\/wp\/v2\/posts\/145881\/revisions"}],"wp:featuredmedia":[{"embeddable":true,"href":"https:\/\/www.cronacaonline.it\/index.php\/wp-json\/wp\/v2\/media\/143371"}],"wp:attachment":[{"href":"https:\/\/www.cronacaonline.it\/index.php\/wp-json\/wp\/v2\/media?parent=145881"}],"wp:term":[{"taxonomy":"category","embeddable":true,"href":"https:\/\/www.cronacaonline.it\/index.php\/wp-json\/wp\/v2\/categories?post=145881"},{"taxonomy":"post_tag","embeddable":true,"href":"https:\/\/www.cronacaonline.it\/index.php\/wp-json\/wp\/v2\/tags?post=145881"}],"curies":[{"name":"wp","href":"https:\/\/api.w.org\/{rel}","templated":true}]}}