{"id":144607,"date":"2017-06-29T12:56:06","date_gmt":"2017-06-29T10:56:06","guid":{"rendered":"http:\/\/www.cronacaonline.it\/public\/content\/?p=144607"},"modified":"2017-06-29T12:56:06","modified_gmt":"2017-06-29T10:56:06","slug":"commercio-giunta-sardegna-rilancia-centri-commerciali-naturali","status":"publish","type":"post","link":"https:\/\/www.cronacaonline.it\/index.php\/2017\/06\/29\/commercio-giunta-sardegna-rilancia-centri-commerciali-naturali\/","title":{"rendered":"Commercio, Giunta Sardegna rilancia centri commerciali naturali."},"content":{"rendered":"<p>&nbsp;<\/p>\n<p>Cagliari, 29 Giu 017\u00a0\u2013 Sono pronti 1,5 milioni per il rilancio dei Centri commerciali naturali (CCN), la costituzione di un elenco regionale sempre aggiornato e la semplificazione delle regole di accesso e delle procedure per la richiesta dei contributi. Li prevedono due delibere approvate ieri dalla giunta regionale su proposta dell\u2019assessora del Turismo, Artigianato e Commercio Barbara Argiolas.<\/p>\n<p>\u201cLe piccole attivit\u00e0 commerciali, artigianali e di servizi - dice l\u2019esponente della Giunta \u2013 hanno un ruolo di presidio delle comunit\u00e0: mantengono vivi i nostri centri urbani e sono un importante strumento di lotta allo spopolamento e al degrado, soprattutto nei centri storici e nei paesi a rischio desertificazione. Dall\u2019affiliazione in Centri commerciali naturali, infatti, scaturiscono iniziative che rivitalizzano i centri urbani e rendono fruibili e vivi gli spazi pubblici. Con queste delibere vogliamo rafforzare la costruzione di queste reti in modo che, oltre al ruolo sociale, possano affermarsi come leve per lo sviluppo territoriale: l\u2019aggregazione e l\u2019innovazione sono la chiave per restare al passo col mondo che cambia e contrastare il peso sempre maggiore della grande distribuzione e delle vendite on line.\"<\/p>\n<p>La prima delle due delibere prevede l\u2019istituzione di un nuovo Elenco regionale dei Ccn, caratterizzato dalla semplificazione delle regole di accesso (sar\u00e0 sufficiente autocertificare la documentazione da inviare a corredo della domanda), dalla cancellazione dei Ccn inattivi per un congruo lasso di tempo e dall\u2019aggiornamento continuo delle informazioni. \u201cIn questo modo \u2013 spiega Argiolas \u2013 la Regione avr\u00e0 sempre il polso della situazione a livello locale e potr\u00e0 individuare interlocutori stabili e qualificati in grado di dialogare e collaborare nella definizione e attuazione delle politiche di settore.\u201d<\/p>\n<p>Il secondo provvedimento approvato dall\u2019esecutivo fissa invece le nuove direttive per i programmi annuali di sostegno dei Centri commerciali naturali. La legge regionale n.6 del 13 aprile 2017 ha stanziato 1 milione di euro per ciascuno degli anni 2017, 2018 e 2019 a favore dei Ccn operanti nei Comuni sardi. \u201cPer rilanciare subito le attivit\u00e0 dei Ccn abbiamo deciso di destinare subito 1,5 milioni di euro dal 1 luglio 2017 fino al 30 giugno 2018: il finanziamento dei contributi era atteso da tempo e richiesto da pi\u00f9 parti, vogliamo lanciare un segnale di operativit\u00e0 immediata alle realt\u00e0 operanti sul territorio\u201d, dice l\u2019esponente della Giunta.<\/p>\n<p>Inoltre, le nuove direttive inseriscono tra le categorie di spesa ammissibili le azioni di direct marketing e fidelizzazione (che diventano obbligatorie), le manifestazioni e iniziative di animazione, le azioni di pubblicit\u00e0 e comunicazione. \u201cVogliamo \u2013 scrive in una nota l\u2019Assessora Barbara Argiolas - che i Ccn abbiano pi\u00f9 possibilit\u00e0 di entrare in contatto con nuovi clienti e riducano i costi individuali per la comunicazione e la commercializzazione dei prodotti. Le aggregazioni di imprese sono\u00a0oggi\u00a0una delle principali strade da percorrere per affrontare un mondo profondamente cambiato, nel quale i consumatori possono effettuare i propri acquisti sul mercato globale. Le attivit\u00e0 commerciali e artigianali assicurano una dimensione umana e sociale\u00a0oggi\u00a0pi\u00f9 che mai fondamentali per garantire la vivibilit\u00e0 dei nostri piccoli centri e dei nostri quartieri\u201d.<\/p>\n<p>I contributi sono concessi, secondo quanto disposto dalla legge 5 del 2006, fino al 70% delle spese ritenute ammissibili e il tetto massimo \u00e8 fissato a 40 mila euro dall\u2019articolo 4 delle nuove direttive allegate alla delibera. Per dare continuit\u00e0 al sostegno pubblico, inoltre, verr\u00e0 attivato uno strumento a sportello che favorir\u00e0 la presentazione di progetti nell\u2019arco di 12 mesi, in modo che i Ccn compresi nell\u2019elenco regionale possano programmare pi\u00f9 facilmente le attivit\u00e0. Sar\u00e0 dunque, conclude l\u2019Assessora, possibile presentare massimo 3 domande nell\u2019arco dei 12 mesi, nel rispetto del tetto di spesa massimo. Osserva l\u2019assessora: \u201cIn questo modo, facilitiamo la migliore distribuzione degli incentivi a livello territoriale e invitiamo i Ccn a sganciarsi dagli eventi di pochi giorni e settimane per iniziare a lavorare su programmi di promozione a lunga gittata.\"<\/p>\n<p>Dopo il parere della quinta Commissione del Consiglio regionale, le direttive torneranno alla Giunta per l\u2019approvazione definitiva. Red<\/p>\n","protected":false},"excerpt":{"rendered":"<p>&nbsp; Cagliari, 29 Giu 017\u00a0\u2013 Sono pronti 1,5 milioni per il rilancio dei Centri commerciali naturali (CCN), la costituzione di un elenco regionale sempre aggiornato&#8230;<\/p>\n","protected":false},"author":2,"featured_media":139153,"comment_status":"closed","ping_status":"closed","sticky":false,"template":"","format":"standard","meta":[],"categories":[49,51,52],"tags":[],"_links":{"self":[{"href":"https:\/\/www.cronacaonline.it\/index.php\/wp-json\/wp\/v2\/posts\/144607"}],"collection":[{"href":"https:\/\/www.cronacaonline.it\/index.php\/wp-json\/wp\/v2\/posts"}],"about":[{"href":"https:\/\/www.cronacaonline.it\/index.php\/wp-json\/wp\/v2\/types\/post"}],"author":[{"embeddable":true,"href":"https:\/\/www.cronacaonline.it\/index.php\/wp-json\/wp\/v2\/users\/2"}],"replies":[{"embeddable":true,"href":"https:\/\/www.cronacaonline.it\/index.php\/wp-json\/wp\/v2\/comments?post=144607"}],"version-history":[{"count":0,"href":"https:\/\/www.cronacaonline.it\/index.php\/wp-json\/wp\/v2\/posts\/144607\/revisions"}],"wp:featuredmedia":[{"embeddable":true,"href":"https:\/\/www.cronacaonline.it\/index.php\/wp-json\/wp\/v2\/media\/139153"}],"wp:attachment":[{"href":"https:\/\/www.cronacaonline.it\/index.php\/wp-json\/wp\/v2\/media?parent=144607"}],"wp:term":[{"taxonomy":"category","embeddable":true,"href":"https:\/\/www.cronacaonline.it\/index.php\/wp-json\/wp\/v2\/categories?post=144607"},{"taxonomy":"post_tag","embeddable":true,"href":"https:\/\/www.cronacaonline.it\/index.php\/wp-json\/wp\/v2\/tags?post=144607"}],"curies":[{"name":"wp","href":"https:\/\/api.w.org\/{rel}","templated":true}]}}