{"id":144334,"date":"2017-06-24T11:02:34","date_gmt":"2017-06-24T09:02:34","guid":{"rendered":"http:\/\/www.cronacaonline.it\/public\/content\/?p=144334"},"modified":"2017-06-24T11:02:34","modified_gmt":"2017-06-24T09:02:34","slug":"credito-fidicoop-martedi-27-a-cagliari-10-anni-attivita-e-assemblea-focus-su-situazione-confidi","status":"publish","type":"post","link":"https:\/\/www.cronacaonline.it\/index.php\/2017\/06\/24\/credito-fidicoop-martedi-27-a-cagliari-10-anni-attivita-e-assemblea-focus-su-situazione-confidi\/","title":{"rendered":"Credito, Fidicoop: marted\u00ec 27 a Cagliari 10 anni attivit\u00e0 e assemblea, focus su situazione confidi"},"content":{"rendered":"<p>Cagliari, 24 Giu 2017\u00a0- Il consorzio di garanzia Fidicoop Sardegna compie 10 anni di attivit\u00e0 e celebrer\u00e0 la ricorrenza marted\u00ec 27 giugno al Lazzaretto di Cagliari (quartiere Sant\u2019Elia, dalle ore 10) durante l\u2019assemblea annuale dei soci.<br \/>\nNel corso della mattinata, oltre alla presentazione e all\u2019approvazione del bilancio 2016, \u00e8 previsto un approfondimento tecnico sullo stato dell\u2019arte del sistema dei consorzi fidi che\u00a0oggi\u00a0si trovano a un bivio tra l\u2019evoluzione del mercato bancario e le politiche pubbliche sul credito.<\/p>\n","protected":false},"excerpt":{"rendered":"<p>Cagliari, 24 Giu 2017\u00a0&#8211; Il consorzio di garanzia Fidicoop Sardegna compie 10 anni di attivit\u00e0 e celebrer\u00e0 la ricorrenza marted\u00ec 27 giugno al Lazzaretto di&#8230;<\/p>\n","protected":false},"author":2,"featured_media":0,"comment_status":"closed","ping_status":"closed","sticky":false,"template":"","format":"standard","meta":[],"categories":[49,53],"tags":[],"_links":{"self":[{"href":"https:\/\/www.cronacaonline.it\/index.php\/wp-json\/wp\/v2\/posts\/144334"}],"collection":[{"href":"https:\/\/www.cronacaonline.it\/index.php\/wp-json\/wp\/v2\/posts"}],"about":[{"href":"https:\/\/www.cronacaonline.it\/index.php\/wp-json\/wp\/v2\/types\/post"}],"author":[{"embeddable":true,"href":"https:\/\/www.cronacaonline.it\/index.php\/wp-json\/wp\/v2\/users\/2"}],"replies":[{"embeddable":true,"href":"https:\/\/www.cronacaonline.it\/index.php\/wp-json\/wp\/v2\/comments?post=144334"}],"version-history":[{"count":0,"href":"https:\/\/www.cronacaonline.it\/index.php\/wp-json\/wp\/v2\/posts\/144334\/revisions"}],"wp:attachment":[{"href":"https:\/\/www.cronacaonline.it\/index.php\/wp-json\/wp\/v2\/media?parent=144334"}],"wp:term":[{"taxonomy":"category","embeddable":true,"href":"https:\/\/www.cronacaonline.it\/index.php\/wp-json\/wp\/v2\/categories?post=144334"},{"taxonomy":"post_tag","embeddable":true,"href":"https:\/\/www.cronacaonline.it\/index.php\/wp-json\/wp\/v2\/tags?post=144334"}],"curies":[{"name":"wp","href":"https:\/\/api.w.org\/{rel}","templated":true}]}}