{"id":144319,"date":"2017-06-23T18:29:13","date_gmt":"2017-06-23T16:29:13","guid":{"rendered":"http:\/\/www.cronacaonline.it\/public\/content\/?p=144319"},"modified":"2017-06-23T18:29:13","modified_gmt":"2017-06-23T16:29:13","slug":"trasporto-pazienti-laou-liquida-le-fatture-la-direzione-generale-adotta-una-delibera-che-riconosce-il-servizio-svolto-dalle-associazioni-di-volontariato-da-gennaio-a-giugno","status":"publish","type":"post","link":"https:\/\/www.cronacaonline.it\/index.php\/2017\/06\/23\/trasporto-pazienti-laou-liquida-le-fatture-la-direzione-generale-adotta-una-delibera-che-riconosce-il-servizio-svolto-dalle-associazioni-di-volontariato-da-gennaio-a-giugno\/","title":{"rendered":"Trasporto pazienti, l&#8217;Aou liquida le fatture: la direzione generale adotta una delibera che riconosce il servizio svolto dalle associazioni di volontariato da gennaio a giugno."},"content":{"rendered":"<p>Sassari 23 Giu 17 \u2013\u00a0\u00abAbbiamo provveduto a liquidare le fatture del mese di novembre e quanto previsto per il 2016 sar\u00e0 messo a regime nell'arco di tre settimane. Viene riconosciuto il servizio svolto da gennaio a\u00a0oggi\u00a0e si prevedono le somme dovute per il servizio di trasporto pazienti fatto\u00bb. Lo ha detto questa mattina il direttore sanitario dell'Aou di Sassari Nicol\u00f2 Orru che, nelle uffici della Regione in via Roma a Sassari, ha incontrato alcuni rappresentanti delle associazioni di volontariato che svolgono il servizio di trasporto pazienti in ambito intraospedaliero. Un incontro che ha visto la presenza del presidente del consiglio regionale Gianfranco Ganau che, in questi giorni, ha svolto un fattivo ruolo di mediazione.<\/p>\n<p>\u00abNella delibera che \u00e8 stata approvata e pubblicata ieri \u2013\u00a0ha detto ancora Nicol\u00f2 Orr\u00f9\u00a0\u2013 abbiamo previsto prima l'avvio di una manifestazione di interesse quindi una gara d'appalto per l'attivazione di un nuovo contratto di trasporto pazienti che avr\u00e0 una durata annuale\u00bb.<\/p>\n<p>L'attivazione del nuovo contratto \u00e8 stata stimata per il 1\u00b0 settembre prossimo, una volta espletate tutte le procedure della gara d'appalto.<\/p>\n<p>La durata\u00a0sar\u00e0 di un anno perch\u00e9, \u00e8 stato spiegato dal direttore sanitario, si resta legati alla tempistica di creazione dell'Areus, l'azienda regionale dell'emergenza e urgenza, che potrebbe gestire anche i trasporti secondari, cio\u00e8 appunto quelli intraospedalieri dei degenti, e quelli di tessuti e organi. Si aggiunga \u2013\u00a0\u00e8 spiegato nella delibera\u00a0\u2013 che tra la Aou e l'Ats, nella definizione degli aspetti relativi all'incorporazione, \u00e8 in corso una verifica sul passaggio di parte dell'Autorimessa, autisti e automezzi, alla stessa azienda di via Coppino. Inoltre, la previsione di spostamenti di unit\u00e0 operative dalle cliniche al presidio ospedaliero Santissima Annunziata, con il conseguente trasferimento dei pazienti,\u00a0consentir\u00e0 nel medio periodo di risparmiare sui costi del trasporto sanitario.<\/p>\n<p>La delibera quindi riconosce il servizio svolto, stabilisce in 101mila euro la somma da erogare alle associazioni per il 2016, stima in 901.950 euro la spesa per il 2017 di cui 450mila per il periodo da gennaio a giugno e che sar\u00e0 erogato alle associazioni.<\/p>\n<p>\u00abQuello che vorremmo \u2013\u00a0ha aggiunto Nicol\u00f2 Orr\u00f9\u00a0\u2013 \u00e8 che si continui a garantire il servizio reso sino a\u00a0oggi\u00bb. Alla gara sar\u00e0 possibile partecipare anche sotto forma di associazione temporanea di impresa.<\/p>\n<p>\u00abLe promesse del direttore generale sono state mantenute \u2013\u00a0ha sottolineato il presidente del consiglio regionale Gianfranco Ganau\u00a0\u2013 \u00e8 stata fatta le delibera, il bando e la proroga del servizio sino a espletamento della nuova gara, con il riconoscimento dei debiti pregressi\u00bb.<\/p>\n<p>Per le associazioni di volontariato erano presenti\u00a0Pierpaolo Pintus\u00a0della Croce Blu,\u00a0Antonello Fois\u00a0di Pas Soccorso e\u00a0Giovanni Mura\u00a0della Confraternita di Misericordia di Sassari.<\/p>\n","protected":false},"excerpt":{"rendered":"<p>Sassari 23 Giu 17 \u2013\u00a0\u00abAbbiamo provveduto a liquidare le fatture del mese di novembre e quanto previsto per il 2016 sar\u00e0 messo a regime nell&#8217;arco&#8230;<\/p>\n","protected":false},"author":2,"featured_media":144261,"comment_status":"closed","ping_status":"closed","sticky":false,"template":"","format":"standard","meta":[],"categories":[49,51,53],"tags":[],"_links":{"self":[{"href":"https:\/\/www.cronacaonline.it\/index.php\/wp-json\/wp\/v2\/posts\/144319"}],"collection":[{"href":"https:\/\/www.cronacaonline.it\/index.php\/wp-json\/wp\/v2\/posts"}],"about":[{"href":"https:\/\/www.cronacaonline.it\/index.php\/wp-json\/wp\/v2\/types\/post"}],"author":[{"embeddable":true,"href":"https:\/\/www.cronacaonline.it\/index.php\/wp-json\/wp\/v2\/users\/2"}],"replies":[{"embeddable":true,"href":"https:\/\/www.cronacaonline.it\/index.php\/wp-json\/wp\/v2\/comments?post=144319"}],"version-history":[{"count":0,"href":"https:\/\/www.cronacaonline.it\/index.php\/wp-json\/wp\/v2\/posts\/144319\/revisions"}],"wp:featuredmedia":[{"embeddable":true,"href":"https:\/\/www.cronacaonline.it\/index.php\/wp-json\/wp\/v2\/media\/144261"}],"wp:attachment":[{"href":"https:\/\/www.cronacaonline.it\/index.php\/wp-json\/wp\/v2\/media?parent=144319"}],"wp:term":[{"taxonomy":"category","embeddable":true,"href":"https:\/\/www.cronacaonline.it\/index.php\/wp-json\/wp\/v2\/categories?post=144319"},{"taxonomy":"post_tag","embeddable":true,"href":"https:\/\/www.cronacaonline.it\/index.php\/wp-json\/wp\/v2\/tags?post=144319"}],"curies":[{"name":"wp","href":"https:\/\/api.w.org\/{rel}","templated":true}]}}