{"id":141684,"date":"2017-05-04T10:09:58","date_gmt":"2017-05-04T08:09:58","guid":{"rendered":"http:\/\/www.cronacaonline.it\/public\/content\/?p=141684"},"modified":"2017-05-04T10:09:58","modified_gmt":"2017-05-04T08:09:58","slug":"due-pregiudicati-arrestati-dai-carabinieri-per-evasione-e-per-detenzione-ai-fini-di-spaccio-di-stupefacenti","status":"publish","type":"post","link":"https:\/\/www.cronacaonline.it\/index.php\/2017\/05\/04\/due-pregiudicati-arrestati-dai-carabinieri-per-evasione-e-per-detenzione-ai-fini-di-spaccio-di-stupefacenti\/","title":{"rendered":"Due pregiudicati arrestati dai carabinieri per evasione e per detenzione ai fini di spaccio di stupefacenti."},"content":{"rendered":"<p>Cagliari, 4 Mag 2017 - Ieri mattina, i carabinieri della Stazione Ca-Sant\u2019Avendrace, durante il controllo di due persone pregiudicate, di cui una sottoposta al regime degli arresti domiciliari, notate insieme in via Is Mirrionis, hanno arrestato per evasione,\u00a0Federico Ciullo, di 28 anni, di Assemini, sottoposto alla misura della detenzione domiciliare, in quanto, non reperito presso il luogo di lavoro (per cui ha un permesso) all\u2019atto di un controllo, \u00e8 stato rintracciato in via Is Mirrionis, senza alcun valido motivo per essersi illecitamente allontanato da casa, in compagnia di un altro \u00a0soggetto pregiudicato ed \u00e8 finito anche in manette per detenzione di stupefacenti a fini di spaccio,\u00a0Andrea Castagna di 23 anni, disoccupato di Cagliari, in quanto, controllato insieme a Ciullo, \u00e8 stato poi sottoposto a perquisizione personale (estesa poi al suo domicilio), e trovato in possesso di\u00a010 grammi circa di \u201ccocaina\u201d, di\u00a01 bilancino\u00a0di precisione, nonch\u00e9 di 1.800,00 euro in contanti, ritenuti provento di attivit\u00e0 di spaccio, il tutto sottoposto a sequestro.<\/p>\n<p>Quindi Ciullo, gi\u00e0 sottoposto a direttissima a fine mattina ed \u00e8 stato ricondotto ai domiciliari e, invece, Castagna, \u00e8 stato messo agli arresti domiciliari ma in attesa del rito direttissimo, previsto per oggi.<\/p>\n","protected":false},"excerpt":{"rendered":"<p>Cagliari, 4 Mag 2017 &#8211; Ieri mattina, i carabinieri della Stazione Ca-Sant\u2019Avendrace, durante il controllo di due persone pregiudicate, di cui una sottoposta al regime&#8230;<\/p>\n","protected":false},"author":2,"featured_media":139707,"comment_status":"closed","ping_status":"closed","sticky":false,"template":"","format":"standard","meta":[],"categories":[49,55],"tags":[],"_links":{"self":[{"href":"https:\/\/www.cronacaonline.it\/index.php\/wp-json\/wp\/v2\/posts\/141684"}],"collection":[{"href":"https:\/\/www.cronacaonline.it\/index.php\/wp-json\/wp\/v2\/posts"}],"about":[{"href":"https:\/\/www.cronacaonline.it\/index.php\/wp-json\/wp\/v2\/types\/post"}],"author":[{"embeddable":true,"href":"https:\/\/www.cronacaonline.it\/index.php\/wp-json\/wp\/v2\/users\/2"}],"replies":[{"embeddable":true,"href":"https:\/\/www.cronacaonline.it\/index.php\/wp-json\/wp\/v2\/comments?post=141684"}],"version-history":[{"count":0,"href":"https:\/\/www.cronacaonline.it\/index.php\/wp-json\/wp\/v2\/posts\/141684\/revisions"}],"wp:featuredmedia":[{"embeddable":true,"href":"https:\/\/www.cronacaonline.it\/index.php\/wp-json\/wp\/v2\/media\/139707"}],"wp:attachment":[{"href":"https:\/\/www.cronacaonline.it\/index.php\/wp-json\/wp\/v2\/media?parent=141684"}],"wp:term":[{"taxonomy":"category","embeddable":true,"href":"https:\/\/www.cronacaonline.it\/index.php\/wp-json\/wp\/v2\/categories?post=141684"},{"taxonomy":"post_tag","embeddable":true,"href":"https:\/\/www.cronacaonline.it\/index.php\/wp-json\/wp\/v2\/tags?post=141684"}],"curies":[{"name":"wp","href":"https:\/\/api.w.org\/{rel}","templated":true}]}}