{"id":141653,"date":"2017-05-03T13:30:13","date_gmt":"2017-05-03T11:30:13","guid":{"rendered":"http:\/\/www.cronacaonline.it\/public\/content\/?p=141653"},"modified":"2017-05-03T13:30:13","modified_gmt":"2017-05-03T11:30:13","slug":"minorenne-di-cagliari-con-precedenti-penali-arrestato-dai-carabinieri-per-detenzione-ai-fini-di-spaccio-di-stupefacenti","status":"publish","type":"post","link":"https:\/\/www.cronacaonline.it\/index.php\/2017\/05\/03\/minorenne-di-cagliari-con-precedenti-penali-arrestato-dai-carabinieri-per-detenzione-ai-fini-di-spaccio-di-stupefacenti\/","title":{"rendered":"Minorenne di Cagliari con precedenti penali arrestato dai carabinieri per detenzione ai fini di spaccio di stupefacenti."},"content":{"rendered":"<p>Cagliari, 3 Mag 2017 - Alle ore 21:00 circa di ieri, a Cagliari, i carabinieri del Nucleo\u00a0radiomobile\u00a0compagnia della citt\u00e0 hanno arrestato, per detenzione fini spaccio di sostanze stupefacenti, un minore di 17 anni, del capoluogo regionale, studente, con precedenti.<\/p>\n<p>Il ragazzo, poco prima, in piazza Padre Abbo, ha destato il sospetto nei militari e quindi \u00e8 stato sottoposto a perquisizione personale d\u2019iniziativa (estesa poi al suo domicilio) e trovato in possesso di 350 grammi circa\u00a0di marijuana e 50,00 euro in contanti, ritenuti provento spaccio.<\/p>\n<p>Quanto rinvenuto veniva sottoposto a sequestro e l\u2019arrestato dopo le formalit\u00e0 di legge \u00e8 stato accompagnato e rinchiuso nel carcere minorile di Quartucciu (Ca) dove rimarr\u00e0 a disposizione dell\u2019A.G.<\/p>\n","protected":false},"excerpt":{"rendered":"<p>Cagliari, 3 Mag 2017 &#8211; Alle ore 21:00 circa di ieri, a Cagliari, i carabinieri del Nucleo\u00a0radiomobile\u00a0compagnia della citt\u00e0 hanno arrestato, per detenzione fini spaccio&#8230;<\/p>\n","protected":false},"author":2,"featured_media":141654,"comment_status":"closed","ping_status":"closed","sticky":false,"template":"","format":"standard","meta":[],"categories":[49,55],"tags":[],"_links":{"self":[{"href":"https:\/\/www.cronacaonline.it\/index.php\/wp-json\/wp\/v2\/posts\/141653"}],"collection":[{"href":"https:\/\/www.cronacaonline.it\/index.php\/wp-json\/wp\/v2\/posts"}],"about":[{"href":"https:\/\/www.cronacaonline.it\/index.php\/wp-json\/wp\/v2\/types\/post"}],"author":[{"embeddable":true,"href":"https:\/\/www.cronacaonline.it\/index.php\/wp-json\/wp\/v2\/users\/2"}],"replies":[{"embeddable":true,"href":"https:\/\/www.cronacaonline.it\/index.php\/wp-json\/wp\/v2\/comments?post=141653"}],"version-history":[{"count":0,"href":"https:\/\/www.cronacaonline.it\/index.php\/wp-json\/wp\/v2\/posts\/141653\/revisions"}],"wp:featuredmedia":[{"embeddable":true,"href":"https:\/\/www.cronacaonline.it\/index.php\/wp-json\/wp\/v2\/media\/141654"}],"wp:attachment":[{"href":"https:\/\/www.cronacaonline.it\/index.php\/wp-json\/wp\/v2\/media?parent=141653"}],"wp:term":[{"taxonomy":"category","embeddable":true,"href":"https:\/\/www.cronacaonline.it\/index.php\/wp-json\/wp\/v2\/categories?post=141653"},{"taxonomy":"post_tag","embeddable":true,"href":"https:\/\/www.cronacaonline.it\/index.php\/wp-json\/wp\/v2\/tags?post=141653"}],"curies":[{"name":"wp","href":"https:\/\/api.w.org\/{rel}","templated":true}]}}