{"id":140176,"date":"2017-03-27T11:01:41","date_gmt":"2017-03-27T09:01:41","guid":{"rendered":"http:\/\/www.cronacaonline.it\/public\/content\/?p=140176"},"modified":"2017-03-27T11:01:41","modified_gmt":"2017-03-27T09:01:41","slug":"giovane-pregiudicato-di-arbus-arrestato-dai-carabinieri-per-detenzione-ai-fini-di-spaccio-di-stupefacenti","status":"publish","type":"post","link":"https:\/\/www.cronacaonline.it\/index.php\/2017\/03\/27\/giovane-pregiudicato-di-arbus-arrestato-dai-carabinieri-per-detenzione-ai-fini-di-spaccio-di-stupefacenti\/","title":{"rendered":"Giovane pregiudicato di Arbus arrestato dai carabinieri per detenzione ai fini di spaccio di stupefacenti."},"content":{"rendered":"<p>Arbus, 27 Mar 2017 - Ieri alle ore 20,30, i carabinieri della Stazione di Arbus, hanno arrestato Alessio Casula, di 32 anni, del paese, con precedenti penali, nella flagranza del reato di detenzione ai fini di spaccio di stupefacenti.<\/p>\n<p>Inoltre, i militari, durante la perquisizione domiciliare hanno trovato e sequestrato due involucri con dentro cocaina, due grammi di hashish, un bilancino di precisione e materiale solitamente usato per il confezionamento delle dosi di droga.<\/p>\n<p>Il pregiudicato al termine del controllo domiciliari \u00e8 stato portato in caserma per le formalit\u00e0 di legge, quindi dichiarato formalmente in arresto e in seguito accompagnato nella sua abitazione dove rimarr\u00e0 in regime di arresti domiciliari in attesa del rito direttissimo.<\/p>\n","protected":false},"excerpt":{"rendered":"<p>Arbus, 27 Mar 2017 &#8211; Ieri alle ore 20,30, i carabinieri della Stazione di Arbus, hanno arrestato Alessio Casula, di 32 anni, del paese, con&#8230;<\/p>\n","protected":false},"author":2,"featured_media":139707,"comment_status":"closed","ping_status":"closed","sticky":false,"template":"","format":"standard","meta":[],"categories":[49,55],"tags":[],"_links":{"self":[{"href":"https:\/\/www.cronacaonline.it\/index.php\/wp-json\/wp\/v2\/posts\/140176"}],"collection":[{"href":"https:\/\/www.cronacaonline.it\/index.php\/wp-json\/wp\/v2\/posts"}],"about":[{"href":"https:\/\/www.cronacaonline.it\/index.php\/wp-json\/wp\/v2\/types\/post"}],"author":[{"embeddable":true,"href":"https:\/\/www.cronacaonline.it\/index.php\/wp-json\/wp\/v2\/users\/2"}],"replies":[{"embeddable":true,"href":"https:\/\/www.cronacaonline.it\/index.php\/wp-json\/wp\/v2\/comments?post=140176"}],"version-history":[{"count":0,"href":"https:\/\/www.cronacaonline.it\/index.php\/wp-json\/wp\/v2\/posts\/140176\/revisions"}],"wp:featuredmedia":[{"embeddable":true,"href":"https:\/\/www.cronacaonline.it\/index.php\/wp-json\/wp\/v2\/media\/139707"}],"wp:attachment":[{"href":"https:\/\/www.cronacaonline.it\/index.php\/wp-json\/wp\/v2\/media?parent=140176"}],"wp:term":[{"taxonomy":"category","embeddable":true,"href":"https:\/\/www.cronacaonline.it\/index.php\/wp-json\/wp\/v2\/categories?post=140176"},{"taxonomy":"post_tag","embeddable":true,"href":"https:\/\/www.cronacaonline.it\/index.php\/wp-json\/wp\/v2\/tags?post=140176"}],"curies":[{"name":"wp","href":"https:\/\/api.w.org\/{rel}","templated":true}]}}