{"id":140158,"date":"2017-03-26T15:40:07","date_gmt":"2017-03-26T13:40:07","guid":{"rendered":"http:\/\/www.cronacaonline.it\/public\/content\/?p=140158"},"modified":"2017-03-26T15:40:07","modified_gmt":"2017-03-26T13:40:07","slug":"incidenti-stradali-liguria-tir-travolge-cantiere-sulla-a10-genova-savona-morti-due-operai","status":"publish","type":"post","link":"https:\/\/www.cronacaonline.it\/index.php\/2017\/03\/26\/incidenti-stradali-liguria-tir-travolge-cantiere-sulla-a10-genova-savona-morti-due-operai\/","title":{"rendered":"Incidenti stradali &#8211; Liguria, Tir travolge cantiere sulla A10 Genova &#8211; Savona: morti due operai"},"content":{"rendered":"<p>Genova, 26 Mar 2017 - Due operai che lavoravano in un cantiere sulla A10, tra Albisola e Celle Ligure, e che erano stati travolti da un tir, sono morti. Lo rendono noto i vigili del fuoco. I due lavoratori, a quanto riferisce la Polizia Stradale di Genova, sono morti praticamente sul colpo.<\/p>\n<p>Sono otto le persone coinvolte nell'incidente. I due operai morti sono di Ovada e Asti.\u00a0Un terzo operaio \u00e8 rimasto incastrato sotto il tir ed avrebbe subito l'amputazione di una gamba. Ora \u00e8 ricoverato all'ospedale San Martino di Genova dove \u00e8 stato trasportato con l'elicottero. Il mezzo pesante \u00e8 spagnolo: due le persone a bordo, rimaste lievemente ferite. Il camionista romeno che era alla guida del tir \u00e8\u00a0stato indagato per omicidio\u00a0plurimo colposo.\u00a0Si tratta di un atto dovuto. Il conducente \u00e8 risultato negativo ai test a cui \u00e8 stato sottoposto per verificare se avesse bevuto o fatto uso di sostanze non compatibili con la guida. Sul punto dell'incidente si \u00e8 recato il magistrato della procura di Savona, Giovanni Battista Ferro, titolare delle indagini svolte dalla polizia stradale della sottosezione di Genova Sampierdarena.<\/p>\n<p>Feriti lievemente anche i due passeggeri della macchina che \u00e8 andata fuori strada.<\/p>\n<p>Il tir ha sbandato durante una curva all'uscita di una galleria e si \u00e8 schiantato contro il muro alla destra della carreggiata, poi rovesciandosi ha travolto il cantiere e l'auto finita nella scarpata.<\/p>\n<p>L'incidente \u00e8 avvenuto nello stesso punto dove ieri un Tir \u00e8 andato a sbattere contro il muro laterale della carreggiata prendendo fuoco e paralizzando il traffico per alcune ore. Il cantiere dove sono stati travolti gli operai \"era regolarmente segnalato\", fa sapere Autostrade, ed era stato allestito proprio per sistemare i danni causati dall'incidente di ieri. Sul posto sono intervenuti i vigili del fuoco, anche con l'elicottero, i sanitari del 118, quattro ambulanze, polizia stradale e personale di Autostrade.<\/p>\n<p>L'autostrada \u00e8 stata chiusa al traffico e per chi transita in direzione Genova \u00e8 stata consigliata l'uscita ad Albisola.<\/p>\n","protected":false},"excerpt":{"rendered":"<p>Genova, 26 Mar 2017 &#8211; Due operai che lavoravano in un cantiere sulla A10, tra Albisola e Celle Ligure, e che erano stati travolti da&#8230;<\/p>\n","protected":false},"author":2,"featured_media":140159,"comment_status":"closed","ping_status":"closed","sticky":false,"template":"","format":"standard","meta":[],"categories":[49,50],"tags":[],"_links":{"self":[{"href":"https:\/\/www.cronacaonline.it\/index.php\/wp-json\/wp\/v2\/posts\/140158"}],"collection":[{"href":"https:\/\/www.cronacaonline.it\/index.php\/wp-json\/wp\/v2\/posts"}],"about":[{"href":"https:\/\/www.cronacaonline.it\/index.php\/wp-json\/wp\/v2\/types\/post"}],"author":[{"embeddable":true,"href":"https:\/\/www.cronacaonline.it\/index.php\/wp-json\/wp\/v2\/users\/2"}],"replies":[{"embeddable":true,"href":"https:\/\/www.cronacaonline.it\/index.php\/wp-json\/wp\/v2\/comments?post=140158"}],"version-history":[{"count":0,"href":"https:\/\/www.cronacaonline.it\/index.php\/wp-json\/wp\/v2\/posts\/140158\/revisions"}],"wp:featuredmedia":[{"embeddable":true,"href":"https:\/\/www.cronacaonline.it\/index.php\/wp-json\/wp\/v2\/media\/140159"}],"wp:attachment":[{"href":"https:\/\/www.cronacaonline.it\/index.php\/wp-json\/wp\/v2\/media?parent=140158"}],"wp:term":[{"taxonomy":"category","embeddable":true,"href":"https:\/\/www.cronacaonline.it\/index.php\/wp-json\/wp\/v2\/categories?post=140158"},{"taxonomy":"post_tag","embeddable":true,"href":"https:\/\/www.cronacaonline.it\/index.php\/wp-json\/wp\/v2\/tags?post=140158"}],"curies":[{"name":"wp","href":"https:\/\/api.w.org\/{rel}","templated":true}]}}