{"id":140137,"date":"2017-03-25T16:42:01","date_gmt":"2017-03-25T15:42:01","guid":{"rendered":"http:\/\/www.cronacaonline.it\/public\/content\/?p=140137"},"modified":"2017-03-25T16:42:01","modified_gmt":"2017-03-25T15:42:01","slug":"a-monza-un-milione-di-persone-per-papa-francesco","status":"publish","type":"post","link":"https:\/\/www.cronacaonline.it\/index.php\/2017\/03\/25\/a-monza-un-milione-di-persone-per-papa-francesco\/","title":{"rendered":"A Monza un milione di persone per Papa Francesco"},"content":{"rendered":"<p>Milano, 25 Mar 2017 - \"Oggi si specula sulla vita, sul lavoro, sulla famiglia, sui migranti\". Le parole forti sono di Papa Francesco durante l'omelia della messa nel parco di Monza dove si sono radunate migliaia di persone. E incalza: \"non possiamo rimanere spettatori davanti a situazioni dolorose\". Lo stesso concetto, Papa Francesco lo aveva espresso questa mattina durante l'incontro con i fedeli in Duomo. Il pensiero va ai migranti, alle loro odissee che affrontano ogni giorno in cerca di un futuro migliore. Il Papa poi \u00e8 critico nei confronti della vita frenetica che conduciamo; \"Quando tutto si accelera - incalza - non si ha tempo per niente e per nessuno\". Il Santo Padre ha proseguito: \"La vostra terra ha generato tanti missionari, tanti santi, tanta ricchezza per la Chiesa\". E ha concluso: \"quando ci apriamo alla grazia l'impossibile diventa realt\u00e0\".<\/p>\n<p>\"Mi sento a casa, siete fratelli\". Queste le parole del\u00a0Papa rivolte ai detenuti di\u00a0San Vittore dove \u00e8 arrivato a bordo della sua auto. Fin dalla programmazione del suo viaggio a Milano Francesco aveva chiesto di avere\u00a0il tempo per potere parlare con il maggior numero di detenuti possibile e di poterli almeno vedere tutti e non solo una loro rappresentanza. E cos\u00ec \u00e8 stato accontentato:\u00a0si \u00e8 intrattenuto con le\u00a0detenute della Cam, la casa protetta per detenute madri con bambini. Subito dopo ha visto alcuni detenuti del primo raggio e\u00a0del\u00a0sesto, dove\u00a0si \u00e8 soffermato al reparto dei reclusi\u00a0'protetti'. Il pranzo\u00a0al terzo raggio. Il men\u00f9 -\u00a0preparato dalle detenute della cooperativa 'Libera cucina'\u00a0interna al carcere - \u00a0\u00e8 stato a base di\u00a0risotto e cotoletta, due piatti tipici della tradizione culinaria lombarda.\u00a0I detenuti hanno voluto affidare\u00a0una lunga lettera al Pontefice: i nostri errori diventino pentimento.<\/p>\n<p>\"Non dobbiamo temere le sfide\". A parlare \u00e8 Papa Francesco durante il suo intervento\u00a0in Duomo dopo aver salutato sacerdoti e suore malate e aver pregato davanti allo Scurolo di San Carlo. Il Pontefice ha poi proseguito spiegando che \"\u00e8 bene che ci siano le sfide\". E avverte: \"Dobbiamo temere una fede senza sfide che si ritiene completa\". Poi le parole sui \"pericoli delle ideologie che - sottolinea - germogliano quando si crede\u00a0di avere, appunto, la fede completa\". Altra questione spinosa dei nostri giorni, quella della \"societ\u00e0 multi\". Su questo - incalza il Pontefice - \"io credo che la Chiesa nella sua storia ha molto da insegnarci per una cultura della diversit\u00e0\". Rivolgendosi al clero esorta a:\"imparare la cultura della diversit\u00e0. Lo Spirito Santo \u00e8 il Maestro della diversit\u00e0\". Di conseguenza, invita\u00a0\"tutti a rivisitare le nostre origini, recuperare memoria con uno sguardo di fede. Scegliete le periferie, accendete la speranza fiaccata da una societ\u00e0 divenuta insensibile al dolore degli altri\". E sempre rivolto al clero: \"dobbiamo leggere il mondo contemporaneo senza condannarlo e senza esaltarlo. Dobbiamo discernere\". Rispondendo infine ad un sacerdote, Papa Francesco replica: \"Per la Chiesa evangelizzare \u00e8 una gioia. Ges\u00f9 ti porta la gioia quando ti chiama\". E da qui una considerazione sui \"legislatori tristi, noiosi. Non va\" incalza.<\/p>\n<p>\"Lasciamoci restaurare da Dio, ripulire nel cuore, specialmente in questo tempo di Quaresima\". Queste le parole di Papa Francesco accolto da un bagno di folla\u00a0al suo arrivo - \u00a0alle 8.40\u00a0- alle Case bianche di via Salomone dove in enorme palazzoni vivono stranieri, disoccupati, emarginati, famiglie in difficolt\u00e0. Dunque prima tappa della sua visita nel Capoluogo lombardo,\u00a0una periferia. Il Santo Padre\u00a0in questi anni di Pontificato ha sempre rivolto il suo sguardo, il suo pensiero e la vicinanza agli ultimi, ai pi\u00f9 deboli, E il brano del Vangelo di Matteo - letto al suo arrivo - ha proprio voluto sottolineare questo:\u00a0\"Ogni volta che avrete fatto qualcosa a questi fratelli lo avrete fatto a me\".<\/p>\n<p>Il Santo Padre rivolgendosi\u00a0ai bambini e alle loro famiglie ha voluto ricordare: \"La Madonna \u00e8 davanti, va prima, per riceverci, per aspettarci\". Il Pontefice ha ringraziato infine tutti per l'accoglienza. Poi la consueta chiusa: \"Pregate per me\".<\/p>\n<p>Francesco \u00e8 atterrato alle 8 nel Capoluogo lombardo a bordo di un aereo dell\u2019Aeronautica Militare e ha ricevuto il saluto delle autorit\u00e0: il cardinale Angelo Scola arcivescovo di Milano, il governatore Roberto Maroni, il sindaco Giuseppe Sala, il prefetto Luciana Lamorgese, il sindaco di Segrate Paolo Micheli, il direttore dello scalo Monica Piccirillo, il presidente Sea Pietro Modiano, il comandante dell\u2019Aeronautica Militare di Linate colonnello Alessandro Losio e don Fabrizio Martello, cappellano di Linate.\u00a0 Imponenti le misure di sicurezza, soprattutto dopo quello che \u00e8 successo a Londra. Secondo quanto spiegato dal prefetto di Milano, Luciana Lamorgese, oltre ai 2.500 tra poliziotti, carabinieri e finanzieri (tra questi 1.200 agenti della Polizia locale) ci saranno 3.800 volontari della Curia e 4.200 della Protezione civile, 120 squadre del 118 con 80 ambulanze, 6 automediche e 5 posti medici avanzati nonch\u00e9 150 vigili del fuoco con una quarantina di mezzi pronti a intervenire tra cui anche nuclei speciali come quello Nbcr.Ma Milano e Monza non saranno citt\u00e0 blindate. Il Papa arriva per una giornata di festa, vuole stare vicino alla gente e sono centinaia di migliaia i fedeli pronti ad accoglierlo.<\/p>\n","protected":false},"excerpt":{"rendered":"<p>Milano, 25 Mar 2017 &#8211; &#8220;Oggi si specula sulla vita, sul lavoro, sulla famiglia, sui migranti&#8221;. Le parole forti sono di Papa Francesco durante l&#8217;omelia&#8230;<\/p>\n","protected":false},"author":2,"featured_media":140138,"comment_status":"closed","ping_status":"closed","sticky":false,"template":"","format":"standard","meta":[],"categories":[49,50],"tags":[],"_links":{"self":[{"href":"https:\/\/www.cronacaonline.it\/index.php\/wp-json\/wp\/v2\/posts\/140137"}],"collection":[{"href":"https:\/\/www.cronacaonline.it\/index.php\/wp-json\/wp\/v2\/posts"}],"about":[{"href":"https:\/\/www.cronacaonline.it\/index.php\/wp-json\/wp\/v2\/types\/post"}],"author":[{"embeddable":true,"href":"https:\/\/www.cronacaonline.it\/index.php\/wp-json\/wp\/v2\/users\/2"}],"replies":[{"embeddable":true,"href":"https:\/\/www.cronacaonline.it\/index.php\/wp-json\/wp\/v2\/comments?post=140137"}],"version-history":[{"count":0,"href":"https:\/\/www.cronacaonline.it\/index.php\/wp-json\/wp\/v2\/posts\/140137\/revisions"}],"wp:featuredmedia":[{"embeddable":true,"href":"https:\/\/www.cronacaonline.it\/index.php\/wp-json\/wp\/v2\/media\/140138"}],"wp:attachment":[{"href":"https:\/\/www.cronacaonline.it\/index.php\/wp-json\/wp\/v2\/media?parent=140137"}],"wp:term":[{"taxonomy":"category","embeddable":true,"href":"https:\/\/www.cronacaonline.it\/index.php\/wp-json\/wp\/v2\/categories?post=140137"},{"taxonomy":"post_tag","embeddable":true,"href":"https:\/\/www.cronacaonline.it\/index.php\/wp-json\/wp\/v2\/tags?post=140137"}],"curies":[{"name":"wp","href":"https:\/\/api.w.org\/{rel}","templated":true}]}}