{"id":140122,"date":"2017-03-25T11:31:57","date_gmt":"2017-03-25T10:31:57","guid":{"rendered":"http:\/\/www.cronacaonline.it\/public\/content\/?p=140122"},"modified":"2017-03-25T11:31:57","modified_gmt":"2017-03-25T10:31:57","slug":"i-60-anni-dei-trattati-di-roma-una-nuova-europa-oggi-i-27-firmano-la-dichiarazione-congiunta","status":"publish","type":"post","link":"https:\/\/www.cronacaonline.it\/index.php\/2017\/03\/25\/i-60-anni-dei-trattati-di-roma-una-nuova-europa-oggi-i-27-firmano-la-dichiarazione-congiunta\/","title":{"rendered":"I 60 anni dei Trattati di Roma Una nuova Europa. Oggi i 27 firmano la dichiarazione congiunta"},"content":{"rendered":"<p>Roma, 25 Mar 2017 - Nel mezzo di una delle pi\u00f9 profonde crisi che si sia mai trovata ad affrontare, l\u2019Unione europea celebra oggi l\u2019anniversario dei suoi trattati fondatori. Sono passati 60 anni da quel 25 marzo 1957, quando furono firmati i Trattati di Roma, atto di nascita dell\u2019allora Comunit\u00e0 europea, embrione di ci\u00f2 che oggi \u00e8 l\u2019Unione europea. Furono Italia, Francia, Germania Ovest, Belgio, Paesi Bassi e Lussemburgo a decidere di rilanciare il progetto europeo dopo il fallimento della Ced (Comunit\u00e0 europea di difesa), rigettata tre anni prima dall\u2019Assemblea nazionale di Parigi. E anche oggi, a Roma, si cercher\u00e0 il rilancio dell'Europa. Senza la Gran Bretagna, che marted\u00ec scorso ha formalmente avviato la procedura per l'uscita dall'Unione.<\/p>\n<p>I leader dei 27 Paesi Ue sono arrivati nella Capitale per un vertice che culminer\u00e0\u00a0con la firma di una dichiarazione congiunta. Sono cinque gli scenari \"concreti\", senza modifica dei Trattati, per rilanciare il funzionamento dell'Unione europea dopo la Brexit. Fissati\u00a0nel 'Libro bianco' presentato a marzo dalla Commissione europea, con lo scopo dichiarato di \"mettere pressione ai governi Ue perch\u00e9 definiscano la loro visione per il futuro dell'Europa\".<\/p>\n<p>La prima idea, \"Avanti cos\u00ec\", \u00e8 nel solco dell'attuale, in continuit\u00e0 con la dichiarazione di Bratislava; il secondo si concentra \"Solo\" sul \"mercato unico\"; il terzo \"Chi vuole di pi\u00f9 fa di pi\u00f9\", ovvero un'Ue a pi\u00f9 velocit\u00e0; il quarto prevede \"Fare meno in modo pi\u00f9 efficace\", circoscrivendo il campo d'azione; il quinto punta sull'ipotesi federalista \"Fare molto di pi\u00f9 insieme\". Il tema del futuro dell'Ue \u00e8 stato affrontato anche dal Parlamento europeo, che a febbraio ha approvato tre distinte risoluzioni sul tema. Strasburgo propone misure che vanno dal potenziamento della governance della zona euro, anche con l'istituzione di un vero e proprio ministro Ue delle finanze, alla nascita di un Fondo monetario europeo. Riforme da realizzare applicando al 100% il Trattato di Lisbona ma, per le proposte pi\u00f9 radicali, modificando addirittura i Trattati.<\/p>\n<p>Dopo la cerimonia (ore 10) in Campidoglio, i capi di Stato e di governo firmeranno la dichiarazione congiunta. Alle 13.30 saliranno al Quirinale dal Presidente della Repubblica. Saranno il premier Paolo Gentiloni, il\u00a0presidente del Consiglio Ue, Donald Tusk, e il presidente di\u00a0turno della Ue, il maltese Muscat, i primi ad arrivare nella\u00a0piazza del Campidoglio e ad accogliere, dopo il saluto con la\u00a0sindaca Raggi.\u00a0Nella Sala dell'Esedra del Marco Aurelio si terr\u00e0\u00a0il discorso di benvenuto della prima cittadina capitolina e poi tutti gli invitati si sposteranno nella Sala degli Orazi e dei Curiazi dove da un altro ingresso accederanno gli altri ospiti. Secondo il protocollo sono previsti subito dopo gli interventi del presidente del Consiglio Gentiloni, del presidente del Parlamento Ue Tajani, del presidente di turno della Ue, Muscat, del presidente del Consiglio Ue, Tusk, e del presidente della Commissione europea Juncker. Alle 11,45 la firma. A conclusione della cerimonia solo i Capi di Stato e di governo entreranno nel cortile del Palazzo dei Conservatori per la photo opportunity. Al termine \u00e8 in programma la conferenza stampa, alla quale prenderanno parte Gentiloni, Tusk, Tajani, Juncker e Muscat. \u00a0Finito l'incontro con i giornalisti l'appuntamento successivo \u00e8 al Quirinale per il pranzo organizzato dal presidente della Repubblica, Sergio Mattarella. I rappresentanti Ue in questa occasione saranno raggiunti dalle e dai consorti che in mattinata hanno in programma una visita in un museo della Capitale.<\/p>\n<p>Due aree di massima sicurezza in centro, con 39 varchi di accesso e tiratori scelti sui palazzi, stop al transito di auto, camion e pedoni, 5mila agenti delle forze dell'ordine impiegati e 100 telecamere in pi\u00f9 per acquisire preventivamente immagini utili in vista delle manifestazioni. \u00c8 \"l'imponente\" piano di sicurezza messo a punto per le celebrazioni del 60 Anniversario dei Trattati di Roma in programma domani. Un dispositivo gi\u00e0 entrato nel vivo con l'avvio delle prime bonifiche e l'arrivo dei leader stranieri.<\/p>\n<p>Sei complessivamente i sit-in e cortei preavvisati, a cui sono attesi circa 25mila partecipanti. Il pi\u00f9 numeroso e a rischio \u00e8 quello dei movimenti della piattaforma Eurostop che partir\u00e0 da porta San Paolo alle 14 e arriver\u00e0 a Bocca della Verit\u00e0. Alle 11 inizier\u00e0 il corteo del movimento Federalista europeo dalla Bocca della Verit\u00e0 all'Arco di Costantino e si unir\u00e0 a met\u00e0 tragitto al corteo Nostra Europa (che partir\u00e0 alla stessa ora da piazza Vittorio). Alle 10 all'Auditorium Angelicum un sit-in di Fratelli d'Italia mentre alle 15 scenderanno in piazza circa 5mila persone per il corteo del Movimento Nazionale per la Sovranit\u00e0 da piazza Esquilino a via dei Fori Imperiali. Alla stessa ora, inoltre, la manifestazione del Partito comunista a piazzale Tiburtino. Durante le manifestazioni di domani il questore Guido Marino ha vietato caschi, copricapo e altro vestiario, tipo passamontagna, 'idoneo al travisamento' e anche petardi. Annunciati controlli in borse e zaini nell'ottica dell'attivit\u00e0 antiterrorismo.<\/p>\n","protected":false},"excerpt":{"rendered":"<p>Roma, 25 Mar 2017 &#8211; Nel mezzo di una delle pi\u00f9 profonde crisi che si sia mai trovata ad affrontare, l\u2019Unione europea celebra oggi l\u2019anniversario&#8230;<\/p>\n","protected":false},"author":2,"featured_media":140123,"comment_status":"closed","ping_status":"closed","sticky":false,"template":"","format":"standard","meta":[],"categories":[49,50],"tags":[],"_links":{"self":[{"href":"https:\/\/www.cronacaonline.it\/index.php\/wp-json\/wp\/v2\/posts\/140122"}],"collection":[{"href":"https:\/\/www.cronacaonline.it\/index.php\/wp-json\/wp\/v2\/posts"}],"about":[{"href":"https:\/\/www.cronacaonline.it\/index.php\/wp-json\/wp\/v2\/types\/post"}],"author":[{"embeddable":true,"href":"https:\/\/www.cronacaonline.it\/index.php\/wp-json\/wp\/v2\/users\/2"}],"replies":[{"embeddable":true,"href":"https:\/\/www.cronacaonline.it\/index.php\/wp-json\/wp\/v2\/comments?post=140122"}],"version-history":[{"count":0,"href":"https:\/\/www.cronacaonline.it\/index.php\/wp-json\/wp\/v2\/posts\/140122\/revisions"}],"wp:featuredmedia":[{"embeddable":true,"href":"https:\/\/www.cronacaonline.it\/index.php\/wp-json\/wp\/v2\/media\/140123"}],"wp:attachment":[{"href":"https:\/\/www.cronacaonline.it\/index.php\/wp-json\/wp\/v2\/media?parent=140122"}],"wp:term":[{"taxonomy":"category","embeddable":true,"href":"https:\/\/www.cronacaonline.it\/index.php\/wp-json\/wp\/v2\/categories?post=140122"},{"taxonomy":"post_tag","embeddable":true,"href":"https:\/\/www.cronacaonline.it\/index.php\/wp-json\/wp\/v2\/tags?post=140122"}],"curies":[{"name":"wp","href":"https:\/\/api.w.org\/{rel}","templated":true}]}}