{"id":140093,"date":"2017-03-24T16:14:30","date_gmt":"2017-03-24T15:14:30","guid":{"rendered":"http:\/\/www.cronacaonline.it\/public\/content\/?p=140093"},"modified":"2017-03-24T16:14:30","modified_gmt":"2017-03-24T15:14:30","slug":"notificato-ordine-di-custodia-cautelare-in-carcere-ad-un-23enne-sassarese-per-il-reato-di-furto","status":"publish","type":"post","link":"https:\/\/www.cronacaonline.it\/index.php\/2017\/03\/24\/notificato-ordine-di-custodia-cautelare-in-carcere-ad-un-23enne-sassarese-per-il-reato-di-furto\/","title":{"rendered":"Notificato ordine di custodia cautelare in carcere ad un 23enne sassarese per il reato di furto."},"content":{"rendered":"<p>Sassari, 24 Mar 2017 \u2013 Questa mattina il personale della Squadra Mobile della Questura si Sassari ha eseguito una ordinanza di custodia cautelare in carcere nei confronti di un giovane sassarese di 23 anni, poich\u00e9 ritenuto responsabile del reato di furto in danno del supermercato, aggravato dal fatto di aver commesso il fatto con violenza sulle cose.<\/p>\n<p>Le indagini erano iniziate a seguito delle denunce presentate in Questura dal titolare dell\u2019esercizio commerciale che tra il 27 gennaio e il primo febbraio di quest\u2019anno, era stato preso di mira, per ben due volte, da ignoti malfattori che, in piena notte, dopo aver divelto la saracinesca e danneggiato le telecamere di video sorveglianza, si erano introdotti nel supermercato e avevano asportato merce di vario tipo, generi alimentari e danari in contante, per una valore di circa ventimila euro.<\/p>\n<p>L\u2019attivit\u00e0 portata avanti dagli investigatori della Mobile sassarese, ha evidenziato che entrambi i furti erano stati messi assegno con il medesimo modus operandi, caratterizzato, dalla sfrontatezza e dalla spregiudicatezza con la quale i ladri avevano agito. Proprio le modalit\u00e0 della condotta attuata in entrambe le occasioni ha dimostrato una notevole capacit\u00e0 criminale degli autori dei due furti che, attuandoli in un ristretto arco temporale, in orario notturno e con violenza sulle cose. Dall\u2019esame delle immagini dell\u2019impianto di video sorveglianza del negozio, \u00e8 emerso chiaramente che, a compiere entrambi i furti erano stati due soggetti, uno dei quali \u00e8 stato riconosciuto, senza ombra di dubbio dagli investigatori per il 23enne.<\/p>\n<p>Al seguito di una dettagliata relazione, il Gip ha ritenuto che sussistessero gravi indizi di colpevolezza del giovane, disponendo la misura della custodia cautelare in carcere, quale unica ed idonea ad arginare la capacit\u00e0 a delinquere del giovane. Il provvedimento \u00e8 stato notificato in carcere dove il giovane si trova gi\u00e0 detenuto per altra causa.<\/p>\n","protected":false},"excerpt":{"rendered":"<p>Sassari, 24 Mar 2017 \u2013 Questa mattina il personale della Squadra Mobile della Questura si Sassari ha eseguito una ordinanza di custodia cautelare in carcere&#8230;<\/p>\n","protected":false},"author":2,"featured_media":135087,"comment_status":"closed","ping_status":"closed","sticky":false,"template":"","format":"standard","meta":[],"categories":[49,55],"tags":[],"_links":{"self":[{"href":"https:\/\/www.cronacaonline.it\/index.php\/wp-json\/wp\/v2\/posts\/140093"}],"collection":[{"href":"https:\/\/www.cronacaonline.it\/index.php\/wp-json\/wp\/v2\/posts"}],"about":[{"href":"https:\/\/www.cronacaonline.it\/index.php\/wp-json\/wp\/v2\/types\/post"}],"author":[{"embeddable":true,"href":"https:\/\/www.cronacaonline.it\/index.php\/wp-json\/wp\/v2\/users\/2"}],"replies":[{"embeddable":true,"href":"https:\/\/www.cronacaonline.it\/index.php\/wp-json\/wp\/v2\/comments?post=140093"}],"version-history":[{"count":0,"href":"https:\/\/www.cronacaonline.it\/index.php\/wp-json\/wp\/v2\/posts\/140093\/revisions"}],"wp:featuredmedia":[{"embeddable":true,"href":"https:\/\/www.cronacaonline.it\/index.php\/wp-json\/wp\/v2\/media\/135087"}],"wp:attachment":[{"href":"https:\/\/www.cronacaonline.it\/index.php\/wp-json\/wp\/v2\/media?parent=140093"}],"wp:term":[{"taxonomy":"category","embeddable":true,"href":"https:\/\/www.cronacaonline.it\/index.php\/wp-json\/wp\/v2\/categories?post=140093"},{"taxonomy":"post_tag","embeddable":true,"href":"https:\/\/www.cronacaonline.it\/index.php\/wp-json\/wp\/v2\/tags?post=140093"}],"curies":[{"name":"wp","href":"https:\/\/api.w.org\/{rel}","templated":true}]}}