{"id":140089,"date":"2017-03-24T16:08:44","date_gmt":"2017-03-24T15:08:44","guid":{"rendered":"http:\/\/www.cronacaonline.it\/public\/content\/?p=140089"},"modified":"2017-03-24T16:08:44","modified_gmt":"2017-03-24T15:08:44","slug":"il-comune-di-cagliari-festeggia-il-titolo-di-citta-europea-dello-sport","status":"publish","type":"post","link":"https:\/\/www.cronacaonline.it\/index.php\/2017\/03\/24\/il-comune-di-cagliari-festeggia-il-titolo-di-citta-europea-dello-sport\/","title":{"rendered":"Il Comune di Cagliari festeggia il titolo di \u201cCitt\u00e0 Europea dello Sport\u201d"},"content":{"rendered":"<p>Cagliari, 24 Mar 2017 - Il Sindaco di Cagliari, Massimo Zedda, accompagnato dal suo Assessore allo Sport Yuri Marcialis, parteciper\u00e0 alla giornata dedicata ai festeggiamenti per il conseguimento del titolo \u201cCitt\u00e0 Europea dello Sport\u201d per il 2017.<br \/>\nL'appuntamento, al quale prender\u00e0 parte anche Gian Francesco Lupatelli, presidente di ACES EUROPE (ente che ha attribuito il riconoscimento al capoluogo sardo), \u00e8 per domenica 26 marzo a partire dalle 10 sulla sabbia della settima fermata del Poetto.<br \/>\nSar\u00e0 una intera giornata dedicata al divertimento ma soprattutto allo sport, durante la quale tutti coloro che vorranno partecipare, gratuitamente, potranno prendere parte alle lezioni offerte al pubblico da cinquanta istruttori che si alterneranno nelle varie discipline.<br \/>\nSi parte alle 10 con la Zumba, per poi proseguire alle 11 con il Fitness e alle 11,30 con la Danza Sportiva. Contemporaneamente, dalle 10 alle 17 si potr\u00e0 giocare a Beach Volley e a Beach Tennis. La Danza Ritmica \u00e8 in programma dalle 10,30 alle 11 mentre dalle 10 alle 17 ci sar\u00e0 spazio anche per l'Hockey. Dalle 10 fino al termine della manifestazione sar\u00e0 possibile anche provare il Cross Fit.<\/p>\n","protected":false},"excerpt":{"rendered":"<p>Cagliari, 24 Mar 2017 &#8211; Il Sindaco di Cagliari, Massimo Zedda, accompagnato dal suo Assessore allo Sport Yuri Marcialis, parteciper\u00e0 alla giornata dedicata ai festeggiamenti&#8230;<\/p>\n","protected":false},"author":2,"featured_media":132550,"comment_status":"closed","ping_status":"closed","sticky":false,"template":"","format":"standard","meta":[],"categories":[49,53],"tags":[],"_links":{"self":[{"href":"https:\/\/www.cronacaonline.it\/index.php\/wp-json\/wp\/v2\/posts\/140089"}],"collection":[{"href":"https:\/\/www.cronacaonline.it\/index.php\/wp-json\/wp\/v2\/posts"}],"about":[{"href":"https:\/\/www.cronacaonline.it\/index.php\/wp-json\/wp\/v2\/types\/post"}],"author":[{"embeddable":true,"href":"https:\/\/www.cronacaonline.it\/index.php\/wp-json\/wp\/v2\/users\/2"}],"replies":[{"embeddable":true,"href":"https:\/\/www.cronacaonline.it\/index.php\/wp-json\/wp\/v2\/comments?post=140089"}],"version-history":[{"count":0,"href":"https:\/\/www.cronacaonline.it\/index.php\/wp-json\/wp\/v2\/posts\/140089\/revisions"}],"wp:featuredmedia":[{"embeddable":true,"href":"https:\/\/www.cronacaonline.it\/index.php\/wp-json\/wp\/v2\/media\/132550"}],"wp:attachment":[{"href":"https:\/\/www.cronacaonline.it\/index.php\/wp-json\/wp\/v2\/media?parent=140089"}],"wp:term":[{"taxonomy":"category","embeddable":true,"href":"https:\/\/www.cronacaonline.it\/index.php\/wp-json\/wp\/v2\/categories?post=140089"},{"taxonomy":"post_tag","embeddable":true,"href":"https:\/\/www.cronacaonline.it\/index.php\/wp-json\/wp\/v2\/tags?post=140089"}],"curies":[{"name":"wp","href":"https:\/\/api.w.org\/{rel}","templated":true}]}}