{"id":140005,"date":"2017-03-22T18:28:58","date_gmt":"2017-03-22T17:28:58","guid":{"rendered":"http:\/\/www.cronacaonline.it\/public\/content\/?p=140005"},"modified":"2017-03-22T18:28:58","modified_gmt":"2017-03-22T17:28:58","slug":"londra-auto-sulla-folla-davanti-al-parlamento-morta-una-donna-diversi-feriti-ucciso-assalitore","status":"publish","type":"post","link":"https:\/\/www.cronacaonline.it\/index.php\/2017\/03\/22\/londra-auto-sulla-folla-davanti-al-parlamento-morta-una-donna-diversi-feriti-ucciso-assalitore\/","title":{"rendered":"Londra, auto sulla folla davanti al Parlamento: morta una donna, diversi feriti. Ucciso assalitore"},"content":{"rendered":"<p>Londra, 22 Mar 2017 \u2013 \u00c8 di almeno un morto, una donna, e un numero ancora imprecisato di feriti, alcuni dei quali gravissimi, il bilancio di un attacco che Scotland Yard definisce \"terroristico fino a prova contraria\", avvenuto questo pomeriggio intorno alle 14.40 locali nelle vicinanze del Parlamento britannico a Londra. Secondo un ufficiale medico dell'ospedale di St Thomas, che si trova di fronte al Parlamento, alla estremit\u00e0 opposta del Westminster Bridge, diverse persone travolte dall'auto, una Hyundai, hanno \"catastrofiche ferite\".<\/p>\n<p>Secondo le prime ricostruzioni, un uomo, descritto come un 40enne dai tratti asiatici, a bordo di un'auto ha investito diversi pedoni lungo il Westminster Bridge prima di andarsi a schiantare contro la recinzione di ferro dello stesso Palazzo di Westminster. Dopo lo schianto, l'uomo sarebbe uscito dall'auto con l'intenzione di penetrare all'interno del Parlamento. Bloccato dalle forze dell'ordine, ha accoltellato un poliziotto, ferendolo. Gli agenti hanno reagito uccidendolo a colpi d'arma da fuoco.<\/p>\n<p>Subito dopo l'attacco, che coincide con il primo anniversario dei sanguinosi attentati jihadisti all'aeroporto e alla metropolitana di Bruxelles del 22 marzo 2016, il Parlamento \u00e8 stato blindato e ai deputati \u00e8 stato ordinato di non lasciare l'edificio: le forze dell'ordine sono penetrate all'interno e hanno setacciato piano per piano il palazzo.<\/p>\n<p>In una conferenza stampa il portavoce di Scotland Yard ha parlato di \"varie vittime. Tra loro vi sono anche funzionari di polizia. E' in corso un'indagine anti-terrorismo. La principale priorit\u00e0 al momento \u00e8 la sicurezza\".<\/p>\n<p>La premier britannica Theresa May sta bene e \"non \u00e8 stata coinvolta nell'incidente a Westminster\". Lo ha riferito Downing Street dopo le notizie di un'evacuazione d'urgenza durante l'emergenza scattata al parlamento.\u00a0Alla notizia dell'attacco a Londra, il parlamento di Edinburgo\u00a0ha sospeso il dibattito sul nuovo referendum per l'indipendenza della Scozia.<\/p>\n<p>\u201cQualora fosse terrorismo, sarebbe una citt\u00e0 ancora una volta colpita perch\u00e9 sappiamo e ricordiamo che Londra non \u00e8 la prima volta che viene attaccata. Non ci \u00e8 data la possibilit\u00e0 di abbassare la guardia\". A dirlo il ministro degli Esteri Angelino Alfano margine del summit Usa anti-Isis. Alfano ha anche detto di aver \"gi\u00e0 attivato tutte le strutture della Farnesina per verificare la presenza eventuale, che ci auguriamo non esserci, di connazionali tra i feriti\".<\/p>\n","protected":false},"excerpt":{"rendered":"<p>Londra, 22 Mar 2017 \u2013 \u00c8 di almeno un morto, una donna, e un numero ancora imprecisato di feriti, alcuni dei quali gravissimi, il bilancio&#8230;<\/p>\n","protected":false},"author":2,"featured_media":139995,"comment_status":"closed","ping_status":"closed","sticky":false,"template":"","format":"standard","meta":[],"categories":[49,50],"tags":[],"_links":{"self":[{"href":"https:\/\/www.cronacaonline.it\/index.php\/wp-json\/wp\/v2\/posts\/140005"}],"collection":[{"href":"https:\/\/www.cronacaonline.it\/index.php\/wp-json\/wp\/v2\/posts"}],"about":[{"href":"https:\/\/www.cronacaonline.it\/index.php\/wp-json\/wp\/v2\/types\/post"}],"author":[{"embeddable":true,"href":"https:\/\/www.cronacaonline.it\/index.php\/wp-json\/wp\/v2\/users\/2"}],"replies":[{"embeddable":true,"href":"https:\/\/www.cronacaonline.it\/index.php\/wp-json\/wp\/v2\/comments?post=140005"}],"version-history":[{"count":0,"href":"https:\/\/www.cronacaonline.it\/index.php\/wp-json\/wp\/v2\/posts\/140005\/revisions"}],"wp:featuredmedia":[{"embeddable":true,"href":"https:\/\/www.cronacaonline.it\/index.php\/wp-json\/wp\/v2\/media\/139995"}],"wp:attachment":[{"href":"https:\/\/www.cronacaonline.it\/index.php\/wp-json\/wp\/v2\/media?parent=140005"}],"wp:term":[{"taxonomy":"category","embeddable":true,"href":"https:\/\/www.cronacaonline.it\/index.php\/wp-json\/wp\/v2\/categories?post=140005"},{"taxonomy":"post_tag","embeddable":true,"href":"https:\/\/www.cronacaonline.it\/index.php\/wp-json\/wp\/v2\/tags?post=140005"}],"curies":[{"name":"wp","href":"https:\/\/api.w.org\/{rel}","templated":true}]}}