{"id":139979,"date":"2017-03-22T13:21:23","date_gmt":"2017-03-22T12:21:23","guid":{"rendered":"http:\/\/www.cronacaonline.it\/public\/content\/?p=139979"},"modified":"2017-03-22T13:21:23","modified_gmt":"2017-03-22T12:21:23","slug":"trattati-di-roma-il-parlamento-in-seduta-comune-alla-camera-dei-deputati","status":"publish","type":"post","link":"https:\/\/www.cronacaonline.it\/index.php\/2017\/03\/22\/trattati-di-roma-il-parlamento-in-seduta-comune-alla-camera-dei-deputati\/","title":{"rendered":"Trattati di Roma, il Parlamento in seduta comune alla Camera dei deputati"},"content":{"rendered":"<p>Roma, 22 Mar 2017 - Al via la cerimonia solenne nell'Aula della Camera per le celebrazioni del sessantesimo anniversario della firma dei Trattati di Roma. La cerimonia ha avuto inizio con le note dell'Inno d'Italia. Presenti in Aula il Capo dello Stato, Sergio Mattarella, e le massime cariche istituzionali. Mattarella: gli Europei ci sono ora fare l'Europa \"Capovolgendo l'espressione attribuita a Massimo d'Azeglio verrebbe da dire: 'Fatti gli europei \u00e8 ora necessario fare l'Europa'. Lo ha detto il Presidente della Repubblica Sergio Mattarella. \"Sono le persone, infatti, particolarmente i giovani, che gi\u00e0 vivono l'Europa, ad essere la garanzia della irreversibilit\u00e0 della sua integrazione. Verso di essi vanno diretti l'attenzione e l'impegno dell'Unione\", ha aggiunto.<\/p>\n<p>\"La pluralit\u00e0 di sensibilit\u00e0, le posizioni politiche, le tradizioni nazionali presenti nell'Unione oggi, hanno portato qualcuno a interrogarsi se sia stato saggio procedere velocemente sulla strada dell'allargamento\". Lo ha detto il Presidente della Repubblica Sergio Mattarella, ricordando il 60mo dei Trattati di Roma. \"Ma neppure l'Europa pu\u00f2 permettersi di rinviare gli appuntamenti con la storia, quando essi si presentano, n\u00e9 possono prevalere separatezze e, tantomeno, amputazioni. Va, piuttosto, praticata e accresciuta la vicendevole responsabilit\u00e0, la solidariet\u00e0 nei benefici e negli oneri\", ha aggiunto.<\/p>\n<p>\"Bisogna riprendere con coraggio, con convinzione quel cammino\" di integrazione europea \"perch\u00e9 tutte le crisi sono occasioni di cambiamento e il sessantesimo anniversario dei Trattati di Roma deve rappresentare un cambiamento\". Lo ha detto la presidente della Camera Laura Boldrini, nel suo intervento nell'aula di Montecitorio.<\/p>\n<p>\u201cCredo che sia comune a molti la convinzione che, di fronte alle sfide interne ed esterne cui dobbiamo tutti rispondere, il lungo cammino dell'integrazione non possa arrestarsi e che \u00e8 necessario adesso un nuovo slancio, fondato sulla cooperazione rafforzata in certe materie condivise e nell'attuazione di politiche il pi\u00f9 possibile unitarie. In gioco sono il futuro del continente e gli equilibri geopolitici globali\". Lo ha detto il presidente del Senato, Pietro Grasso.<\/p>\n<p>La Lega ha deciso di disertare le celebrazioni che si svolgono oggi in Aula alla Camera. Il Carroccio sar\u00e0 in piazza davanti Montecitorio, alle 12, per un sit in di protesta contro l'Europa. L'altro partito scettico e critico nei confronti dell'Ue, il Movimento 5 Stelle, invece, \u00e8\u00a0presente in Aula.<\/p>\n<p>Umberto Bossi ha partecipato nell'aula di Montecitorio alla cerimonia per i trattati di Roma. Il senatur \u00e8 entrato nell'emiciclo mentre parlava la presidente della Camera Laura Boldrini e si \u00e8 accomodato al posto che gli \u00e8 stato lasciato libero da Gianfranco Chiarelli (Cor): quello a cui Bossi normalmente si siede era infatti occupato.<\/p>\n","protected":false},"excerpt":{"rendered":"<p>Roma, 22 Mar 2017 &#8211; Al via la cerimonia solenne nell&#8217;Aula della Camera per le celebrazioni del sessantesimo anniversario della firma dei Trattati di Roma.&#8230;<\/p>\n","protected":false},"author":2,"featured_media":139980,"comment_status":"closed","ping_status":"closed","sticky":false,"template":"","format":"standard","meta":[],"categories":[49,50],"tags":[],"_links":{"self":[{"href":"https:\/\/www.cronacaonline.it\/index.php\/wp-json\/wp\/v2\/posts\/139979"}],"collection":[{"href":"https:\/\/www.cronacaonline.it\/index.php\/wp-json\/wp\/v2\/posts"}],"about":[{"href":"https:\/\/www.cronacaonline.it\/index.php\/wp-json\/wp\/v2\/types\/post"}],"author":[{"embeddable":true,"href":"https:\/\/www.cronacaonline.it\/index.php\/wp-json\/wp\/v2\/users\/2"}],"replies":[{"embeddable":true,"href":"https:\/\/www.cronacaonline.it\/index.php\/wp-json\/wp\/v2\/comments?post=139979"}],"version-history":[{"count":0,"href":"https:\/\/www.cronacaonline.it\/index.php\/wp-json\/wp\/v2\/posts\/139979\/revisions"}],"wp:featuredmedia":[{"embeddable":true,"href":"https:\/\/www.cronacaonline.it\/index.php\/wp-json\/wp\/v2\/media\/139980"}],"wp:attachment":[{"href":"https:\/\/www.cronacaonline.it\/index.php\/wp-json\/wp\/v2\/media?parent=139979"}],"wp:term":[{"taxonomy":"category","embeddable":true,"href":"https:\/\/www.cronacaonline.it\/index.php\/wp-json\/wp\/v2\/categories?post=139979"},{"taxonomy":"post_tag","embeddable":true,"href":"https:\/\/www.cronacaonline.it\/index.php\/wp-json\/wp\/v2\/tags?post=139979"}],"curies":[{"name":"wp","href":"https:\/\/api.w.org\/{rel}","templated":true}]}}