{"id":139856,"date":"2017-03-20T07:13:34","date_gmt":"2017-03-20T06:13:34","guid":{"rendered":"http:\/\/www.cronacaonline.it\/public\/content\/?p=139856"},"modified":"2017-03-20T07:13:34","modified_gmt":"2017-03-20T06:13:34","slug":"turchia-novello-sultano-dittatore-erdogan-attacca-merkel-usi-metodi-nazisti-berlino-passato-il-limite","status":"publish","type":"post","link":"https:\/\/www.cronacaonline.it\/index.php\/2017\/03\/20\/turchia-novello-sultano-dittatore-erdogan-attacca-merkel-usi-metodi-nazisti-berlino-passato-il-limite\/","title":{"rendered":"Turchia, Novello Sultano dittatore Erdogan attacca Merkel: &#8220;Usi metodi nazisti&#8221;. Berlino: passato il limite"},"content":{"rendered":"<p>Ankara, 20 Mar 2017 \u2013 Duro braccio di ferro ieri tra il dittatore turco che vorrebbe essere con la repubblica presidenziale il padrone assoluto come quello della Corea del Nord, della sua nazione e la cancelliera tedesca. Infatti, il presidente turco Recep Tayyip Erdogan ha accusato Angela Merkel di ricorrere a \"metodi nazisti\", riguardo al divieto di tenere in Germania comizi a favore del \"s\u00ec\" per il referendum costituzionale in programma il 16 aprile in Turchia. \"Tu stai usando metodi nazisti\", ha detto Erdogan alla Merkel in un discorso trasmesso dalla tv, usando l'informale tu nei confronti della cancelliera. \"Contro chi? Contro i miei concittadini turchi in Germania e i miei ministri\", ha aggiunto.<\/p>\n<p>Immediata la risposta del\u00a0ministro degli esteri tedesco Sigmar Gabriel che ha definito \"assurdi\" gli attacchi verbali da parte di Recep Tayyip Erdogan contra la cancelliera tedesca Angela Merkel aggiungendo che il presidente turco \"ha passato il segno\". \"Siamo tolleranti ma non stupidi\", ha detto in un'intervista al 'Passauer Neue Presse'. \"Ho detto molto chiaramente al mio omologo turco che il limite \u00e8 stato sorpassato\", ha aggiunto. Il ministro degli Esteri danese convoca l'ambasciatore turco dopo le minacce che sarebbero state rivolte ad alcuni cittadini turco-danesi che rischiano l'accusa di alto tradimento.<\/p>\n<p>Il giornalista turco-tedesco Deniz Yucel \u00e8 un agente terrorista e \"grazie a Dio \u00e8 stato arrestato\". Lo ha dichiarato il presidente turco, Recep Tayyip Erdogan, aggiungendo che il reporter sar\u00e0 processato dalla \"magistratura indipendente\" turca. Yucel \u00e8 stato arrestato il 27 febbraio in Turchia, con l'accusa di \"propaganda a sostegno di organizzazione terrorista\" e \"incitamento alla violenza pubblica\". Erdogan lo ha gi\u00e0 definito in precedenza \"un agente tedesco\" e un membro del Partito dei lavoratori del Kurdistan (Pkk). Il caso ha contribuito ad alzare la tensione con la Germania, assieme alla cancellazione di comizi di ministri turchi nel Paese europeo in vista del referendum costituzionale del 16 aprile.<\/p>\n<p>Ankara ha convocato l'ambasciatore tedesco per condannare la manifestazione tenutasi ieri a Francoforte contro il referendum costituzionale in programma il 16 aprile in Turchia. Circa 30.000 dimostranti filo-curdi hanno manifestato nella citt\u00e0 tedesca per il \"no\" alla consultazione e molti hanno esposto simboli del Partito dei lavoratori del Kurdistan (Pkk), dichiarato fuorilegge dalle autorit\u00e0 turche.<\/p>\n<p>\"Ieri la Germania ha posto il proprio nome su un altro scandalo - ha detto oggi alla Cnn-Turk il portavoce del presidente, Ibrahim Kalin - ieri l'ambasciatore tedesco \u00e8 stato invitato, \u00e8 stato convocato al ministero degli Esteri e tutto questo \u00e8 stato condannato nella maniera pi\u00f9 dura\". Gi\u00e0 ieri Kalin aveva detto che \u00e8 \"inaccettabile vedere isimboli e gli slogan del Pkk quando ai ministri turchi \u00e8 stato impedito di incontrare i propri cittadini\".<\/p>\n<p>C'\u00e8 la possibilit\u00e0 che ministri turchi pianifichino un'altra manifestazione in Germania in vista del referendum costituzionale del 16 aprile. Lo ha annunciato un portavoce del presidente turco Recep Tayyip Erdogan, Ibrahim Kalin, in un'intervista a Cnn Turk. Nuovi comizi organizzati in Germania in vista della consultazione alzerebbero ulteriormente la tensione fra Ankara e Berlino<\/p>\n","protected":false},"excerpt":{"rendered":"<p>Ankara, 20 Mar 2017 \u2013 Duro braccio di ferro ieri tra il dittatore turco che vorrebbe essere con la repubblica presidenziale il padrone assoluto come&#8230;<\/p>\n","protected":false},"author":2,"featured_media":139857,"comment_status":"closed","ping_status":"closed","sticky":false,"template":"","format":"standard","meta":[],"categories":[49,50],"tags":[],"_links":{"self":[{"href":"https:\/\/www.cronacaonline.it\/index.php\/wp-json\/wp\/v2\/posts\/139856"}],"collection":[{"href":"https:\/\/www.cronacaonline.it\/index.php\/wp-json\/wp\/v2\/posts"}],"about":[{"href":"https:\/\/www.cronacaonline.it\/index.php\/wp-json\/wp\/v2\/types\/post"}],"author":[{"embeddable":true,"href":"https:\/\/www.cronacaonline.it\/index.php\/wp-json\/wp\/v2\/users\/2"}],"replies":[{"embeddable":true,"href":"https:\/\/www.cronacaonline.it\/index.php\/wp-json\/wp\/v2\/comments?post=139856"}],"version-history":[{"count":0,"href":"https:\/\/www.cronacaonline.it\/index.php\/wp-json\/wp\/v2\/posts\/139856\/revisions"}],"wp:featuredmedia":[{"embeddable":true,"href":"https:\/\/www.cronacaonline.it\/index.php\/wp-json\/wp\/v2\/media\/139857"}],"wp:attachment":[{"href":"https:\/\/www.cronacaonline.it\/index.php\/wp-json\/wp\/v2\/media?parent=139856"}],"wp:term":[{"taxonomy":"category","embeddable":true,"href":"https:\/\/www.cronacaonline.it\/index.php\/wp-json\/wp\/v2\/categories?post=139856"},{"taxonomy":"post_tag","embeddable":true,"href":"https:\/\/www.cronacaonline.it\/index.php\/wp-json\/wp\/v2\/tags?post=139856"}],"curies":[{"name":"wp","href":"https:\/\/api.w.org\/{rel}","templated":true}]}}