{"id":138987,"date":"2017-02-28T14:18:07","date_gmt":"2017-02-28T13:18:07","guid":{"rendered":"http:\/\/www.cronacaonline.it\/public\/content\/?p=138987"},"modified":"2017-02-28T14:18:07","modified_gmt":"2017-02-28T13:18:07","slug":"direttore-ats-consiglieri-pd-insoddisfatti-da-risposta-assessore-sanita-alla-loro-interrogazione","status":"publish","type":"post","link":"https:\/\/www.cronacaonline.it\/index.php\/2017\/02\/28\/direttore-ats-consiglieri-pd-insoddisfatti-da-risposta-assessore-sanita-alla-loro-interrogazione\/","title":{"rendered":"Direttore Ats: consiglieri Pd insoddisfatti da risposta Assessore Sanit\u00e0 alla loro interrogazione"},"content":{"rendered":"<p>Cagliari, 28 Feb 2017 - I consiglieri regionali del PD - Cesare Moriconi, Lorenzo Cozzolino, Roberto Deriu, Daniela Forma, Valter Piscedda, e Antonio Solinas - si dichiarano insoddisfatti dalle risposte alle interrogazioni sui requisiti del Direttore amministrativo dell\u2019Ats che l\u2019Assessore della Sanit\u00e0 ha trasmesso al Consiglio Regionale il 7 febbraio scorso. \u00c8 stato, perci\u00f2, richiesto l\u2019avvio della procedura prevista dall\u2019articolo 107, comma 2, del Regolamento del Consiglio Regionale, affinch\u00e9 l\u2019Assessore provveda a rispondere direttamente ai Consiglieri in sede di Commissione consiliare competente.<\/p>\n<p>In particolare \u2013 ricorda Moriconi \u2013 con le interrogazioni n. 951\/A e 954\/A del gennaio scorso, si chiedeva all\u2019Assessore della Sanit\u00e0 di chiarire, in modo circostanziato, la tipologia degli incarichi dirigenziali conferiti, nelle esperienze lavorative precedenti, al neo Direttore amministrativo dell\u2019ATS, con riferimento a quella affidatagli dalla Giunta regionale della Basilicata il 30 dicembre 2010, specificandone l'articolazione della struttura e la dimensione della responsabilit\u00e0 di gestione delle risorse umane tecniche e finanziarie attribuitegli. E questo non per mera curiosit\u00e0 \u2013 continua Moriconi - ma perch\u00e9 solo da tali informazioni si comprenderebbe l\u2019avvenuta maturazione, oppure no, dei requisiti richiesti dalla normativa vigente ai fini dell\u2019assegnazione di tale responsabilit\u00e0 dirigenziale.<\/p>\n<p>Il tutto \u2013 prosegue Moriconi \u2013 senza voler mettere in discussione il profilo professionale del dirigente amministrativo, ma con l\u2019unico scopo di scongiurare il rischio che un eventuale sua inidoneit\u00e0, ai sensi della stringente normativa vigente, potesse, o possa ancora, inficiare la legittimit\u00e0 degli atti adottati per competenza dallo stesso dirigente, con conseguenze facilmente immaginabili sul gi\u00e0 fragile sistema sanitario sardo, unico vero motivo di interesse dell\u2019iniziativa consiliare.<\/p>\n<p>La risposta dell\u2019Assessore \u2013 concludono i consiglieri del PD \u2013 si \u00e8 risolta con una semplice nota di accompagnamento alla relazione con la quale il Direttore Generale di ATS esprimeva il proprio punto di vista su un provvedimento da se stesso adottato. Il difetto sta nelle funzioni di controllo che l\u2019Assessore avrebbe dovuto e dovrebbe svolgere in ottemperanza ad una ordinaria iniziativa del sindacato ispettivo, prerogativa del Consiglio regionale, al fine verificare l\u2019adeguatezza del provvedimento adottato dall\u2019ATS ai sensi della normativa vigente, a tutela del funzionamento del sistema sanitario della Sardegna e di tutti i sardi.<\/p>\n","protected":false},"excerpt":{"rendered":"<p>Cagliari, 28 Feb 2017 &#8211; I consiglieri regionali del PD &#8211; Cesare Moriconi, Lorenzo Cozzolino, Roberto Deriu, Daniela Forma, Valter Piscedda, e Antonio Solinas -&#8230;<\/p>\n","protected":false},"author":2,"featured_media":7831,"comment_status":"closed","ping_status":"closed","sticky":false,"template":"","format":"standard","meta":[],"categories":[49,52],"tags":[],"_links":{"self":[{"href":"https:\/\/www.cronacaonline.it\/index.php\/wp-json\/wp\/v2\/posts\/138987"}],"collection":[{"href":"https:\/\/www.cronacaonline.it\/index.php\/wp-json\/wp\/v2\/posts"}],"about":[{"href":"https:\/\/www.cronacaonline.it\/index.php\/wp-json\/wp\/v2\/types\/post"}],"author":[{"embeddable":true,"href":"https:\/\/www.cronacaonline.it\/index.php\/wp-json\/wp\/v2\/users\/2"}],"replies":[{"embeddable":true,"href":"https:\/\/www.cronacaonline.it\/index.php\/wp-json\/wp\/v2\/comments?post=138987"}],"version-history":[{"count":0,"href":"https:\/\/www.cronacaonline.it\/index.php\/wp-json\/wp\/v2\/posts\/138987\/revisions"}],"wp:featuredmedia":[{"embeddable":true,"href":"https:\/\/www.cronacaonline.it\/index.php\/wp-json\/wp\/v2\/media\/7831"}],"wp:attachment":[{"href":"https:\/\/www.cronacaonline.it\/index.php\/wp-json\/wp\/v2\/media?parent=138987"}],"wp:term":[{"taxonomy":"category","embeddable":true,"href":"https:\/\/www.cronacaonline.it\/index.php\/wp-json\/wp\/v2\/categories?post=138987"},{"taxonomy":"post_tag","embeddable":true,"href":"https:\/\/www.cronacaonline.it\/index.php\/wp-json\/wp\/v2\/tags?post=138987"}],"curies":[{"name":"wp","href":"https:\/\/api.w.org\/{rel}","templated":true}]}}