{"id":138981,"date":"2017-02-28T12:42:25","date_gmt":"2017-02-28T11:42:25","guid":{"rendered":"http:\/\/www.cronacaonline.it\/public\/content\/?p=138981"},"modified":"2017-02-28T12:42:25","modified_gmt":"2017-02-28T11:42:25","slug":"comune-di-sassari-sprar-due-bandi-per-accogliere-minori-stranieri-non-accompagnati-e-rifugiati","status":"publish","type":"post","link":"https:\/\/www.cronacaonline.it\/index.php\/2017\/02\/28\/comune-di-sassari-sprar-due-bandi-per-accogliere-minori-stranieri-non-accompagnati-e-rifugiati\/","title":{"rendered":"Comune di Sassari &#8211; Sprar, due bandi per accogliere minori stranieri non accompagnati e rifugiati."},"content":{"rendered":"<p>Sassari\u00a028 Feb 2017\u00a0\u2013\u00a0Due bandi ministeriali, uno per l'accoglienza dei minori stranieri non accompagnati (Msna) e uno per i richiedenti asilo e rifugiati (detti ordinari), sono le procedure alle quali parteciper\u00e0 l'amministrazione comunale di Sassari per\u00a0attivare una serie di servizi che possano garantire il rispetto dei diritti. Un articolato percorso di accoglienza che deve attivare forme di collaborazione tra l'amministrazione comunale ed enti del privato sociale e terzo settore a vario titolo coinvolti nell\u2019accoglienza e nella protezione di migranti e rifugiati.<\/p>\n<p>I servizi minimi che si vogliono garantire riguardano la\u00a0mediazione linguistico-culturale, l'accoglienza materiale, l'orientamento e l'accesso ai servizi del territorio quindi l'insegnamento della lingua italiana e l'inserimento scolastico per minori. A questi si aggiungono l'orientamento e l'accompagnamento all'inserimento lavorativo, all'inserimento abitativo, all'inserimento sociale, a quello legale e alla tutela psico-socio-sanitaria.<\/p>\n<p>\u00abDobbiamo dare a questi giovani un futuro migliore \u2013\u00a0ha detto il sindaco Nicola Sanna\u00a0\u2013 oltre che la capacit\u00e0 di formarsi, per avere le giuste competenze e avere un futuro e una capacit\u00e0 di autonomia nel nostro paese ma, soprattutto, nel loro\u00bb.<\/p>\n<p>\u00abL'obiettivo \u00e8 potenziare la capacit\u00e0 ricettiva del sistema di seconda accoglienza per i minori migranti arrivati in Italia senza genitori o parenti e per coloro che richiedono asilo \u2013\u00a0afferma l'assessora alle Politiche sociali Monica Spanedda\u00a0\u2013. \u00c8 anche occasione di nuove opportunit\u00e0 di lavoro in considerazione dei numerosi servizi che devono essere garantiti\u00bb.<\/p>\n<p>Per poter partecipare ai bandi ministeriali,\u00a0l'amministrazione ha quindi attivato due distinte procedure per selezionare i soggetti attuatori degli interventi da proporre al finanziamento. In particolare, i soggetti aggiudicatari dovranno, in una prima fase, collaborare col Settore Coesione sociale e pari opportunit\u00e0 per la progettazione delle azioni previste dal bando Sprar, il\u00a0sistema di protezione per richiedenti asilo e rifugiati.<\/p>\n<p>Per l'ammissione al finanziamento, la proposta progettuale sar\u00e0 presentata dal Comune al ministero. Solo\u00a0in caso di ammissione al finanziamento ministeriale i soggetti aggiudicatari dovranno, in qualit\u00e0 di enti attuatori, occuparsi della gestione delle azioni e degli interventi.<\/p>\n<p>Gli importi pro-capite giornalieri\u00a0stabiliti dall'amministrazione variano dagli 80 euro per i minori ai 40 euro per gli ordinari, e sono il frutto di un'analisi comparativa tra la realt\u00e0 territoriale regionale e le diverse realt\u00e0 nazionali in cui \u00e8 attivo lo Sprar.<\/p>\n<p>Le tipologie di accoglienza\u00a0che possono essere proposte vanno dai gruppi appartamenti alle strutture di piccole, medie e grandi dimensioni, oltrech\u00e9 le strutture residenziali per i minori.<\/p>\n<p>L'amministrazione ha voluto per\u00f2 esprimere una preferenza\u00a0per le proposte che prevedano contesti di dimensioni ridotte, cos\u00ec da valorizzare i progetti che hanno come finalit\u00e0 l'accoglienza diffusa. Sar\u00e0 cos\u00ec premiato un approccio di \u201caccoglienza integrata\u201d, sperimentato e sviluppato negli anni nell\u2019ambito dello Sprar, nell'ottica\u00a0di un percorso che miri all\u2019integrazione e all\u2019inclusione sociale.<\/p>\n<p>Le proposte progettuali per le due procedure di gara dovranno essere presentate rispettivamente entro le ore\u00a012\u00a0di marted\u00ec\u00a014 marzo 2017, per i progetti Sprar destinati ai minori stranieri non accompagnati, e entro le ore\u00a012\u00a0di mercoled\u00ec\u00a015 marzo 2017, per i progetti Sprar destinati ai richiedenti asilo e rifugiati (ordinari).<\/p>\n","protected":false},"excerpt":{"rendered":"<p>Sassari\u00a028 Feb 2017\u00a0\u2013\u00a0Due bandi ministeriali, uno per l&#8217;accoglienza dei minori stranieri non accompagnati (Msna) e uno per i richiedenti asilo e rifugiati (detti ordinari), sono&#8230;<\/p>\n","protected":false},"author":2,"featured_media":72462,"comment_status":"closed","ping_status":"closed","sticky":false,"template":"","format":"standard","meta":[],"categories":[49,52],"tags":[],"_links":{"self":[{"href":"https:\/\/www.cronacaonline.it\/index.php\/wp-json\/wp\/v2\/posts\/138981"}],"collection":[{"href":"https:\/\/www.cronacaonline.it\/index.php\/wp-json\/wp\/v2\/posts"}],"about":[{"href":"https:\/\/www.cronacaonline.it\/index.php\/wp-json\/wp\/v2\/types\/post"}],"author":[{"embeddable":true,"href":"https:\/\/www.cronacaonline.it\/index.php\/wp-json\/wp\/v2\/users\/2"}],"replies":[{"embeddable":true,"href":"https:\/\/www.cronacaonline.it\/index.php\/wp-json\/wp\/v2\/comments?post=138981"}],"version-history":[{"count":0,"href":"https:\/\/www.cronacaonline.it\/index.php\/wp-json\/wp\/v2\/posts\/138981\/revisions"}],"wp:featuredmedia":[{"embeddable":true,"href":"https:\/\/www.cronacaonline.it\/index.php\/wp-json\/"}],"wp:attachment":[{"href":"https:\/\/www.cronacaonline.it\/index.php\/wp-json\/wp\/v2\/media?parent=138981"}],"wp:term":[{"taxonomy":"category","embeddable":true,"href":"https:\/\/www.cronacaonline.it\/index.php\/wp-json\/wp\/v2\/categories?post=138981"},{"taxonomy":"post_tag","embeddable":true,"href":"https:\/\/www.cronacaonline.it\/index.php\/wp-json\/wp\/v2\/tags?post=138981"}],"curies":[{"name":"wp","href":"https:\/\/api.w.org\/{rel}","templated":true}]}}