{"id":138946,"date":"2017-02-27T17:46:47","date_gmt":"2017-02-27T16:46:47","guid":{"rendered":"http:\/\/www.cronacaonline.it\/public\/content\/?p=138946"},"modified":"2017-02-27T17:46:47","modified_gmt":"2017-02-27T16:46:47","slug":"credito-agricolo-firmata-a-villa-devoto-convenzione-regione-banco-di-sardegna-per-i-prestiti-di-conduzione-a-tasso-agevolato","status":"publish","type":"post","link":"https:\/\/www.cronacaonline.it\/index.php\/2017\/02\/27\/credito-agricolo-firmata-a-villa-devoto-convenzione-regione-banco-di-sardegna-per-i-prestiti-di-conduzione-a-tasso-agevolato\/","title":{"rendered":"Credito agricolo, firmata a Villa Devoto convenzione regione-banco di Sardegna per i prestiti di conduzione a tasso agevolato"},"content":{"rendered":"<p>Cagliari, 27 Feb 2017 -\u00a0Con la firma della convenzione tra Regione e Banco di Sardegna subito operativi gli aiuti per i prestiti di conduzione agraria a tasso agevolato destinati alle piccole e medie imprese agricole operanti nel settore della produzione primaria e della trasformazione e commercializzazione dei prodotti agricoli, approvato dalla Giunta nello scorso mese di novembre.<\/p>\n<p>Il documento, siglato stamattina a Villa Devoto tra il presidente della Regione e assessore dell\u2019Agricoltura ad interim Francesco Pigliaru e il direttore generale del Banco di Sardegna Giuseppe Cuccurese, permetter\u00e0 infatti la rapida erogazione da parte dell\u2019agenzia regionale ARGEA dei contributi sugli interessi dei prestiti agrari d\u2019esercizio o conduzione per il sostegno alle spese che l\u2019imprenditore agricolo o l'allevatore sopporta o anticipa nella gestione dell\u2019azienda.<\/p>\n<p>Pigliaru: un altro tassello importante importante nella nostra politica a favore dell\u2019accesso al credito per le piccole e medie imprese agricole: sono 2,5 milioni di euro che mettiamo per abbattere gli interessi ed \u00e8 un aiuto importante perch\u00e9 permetter\u00e0 alle aziende di avere liquidit\u00e0 ad un tasso molto agevolato. Non \u00e8 ovviamente la soluzione di tutto, ma \u00e8 un altro pezzo di quello che possiamo fare per aiutare in questo momento difficile chi\u00a0oggi\u00a0lavora in campagna, soprattutto nelle imprese pi\u00f9 piccole che sono la maggioranza del tessuto produttivo agricolo, e permettergli di guardare con pi\u00f9 fiducia al futuro.\u201d<\/p>\n<p>Cuccurese: intervento a favore dei piccoli imprenditori.\u00a0\u201cIn questi mesi \u2013 aggiunge Giuseppe Cuccurese \u2013 abbiamo lavorato per coprire tutta la gamma delle esigenze delle imprese agricole e facilitare l\u2019accesso al credito degli imprenditori agricoli. Di questo intervento sui prestiti di conduzione beneficeranno soprattutto i piccoli imprenditori, perch\u00e9 col contributo in conto interessi i prestiti avranno un costo vicino a zero. \u00c8 interesse di tutti aiutare le piccole aziende perch\u00e9 in Sardegna rappresentano l\u2019ossatura del settore primario: con lo sforzo di tutti e interventi di sistema come questo stiamo andando nella giusta direzione\u201d.<\/p>\n<p>2,5 milioni per finanziare fino a 2000 domande.\u00a0 novembre, che destinava 2,5 milioni di euro ancora giacenti presso ISMEA (Istituto di servizi per il mercato agricolo alimentare) e il decreto del 14 febbraio che ha stabilito le disposizioni necessarie per attuare l\u2019intervento, la convenzione \u00e8 l\u2019ultimo passaggio formale per la piena e immediata operativit\u00e0 dell\u2019intervento. Secondo le previsioni, potranno essere finanziate tra le 1400 e le 2000 domande, con l\u2019attivazione di prestiti che mediamente ammonteranno tra i 30 e i 50mila euro.<\/p>\n<p>Gli aiuti, in regime de minimis, verranno concessi in conto interessi per operazioni di credito di durata fino a 12 mesi. Agevoleranno, tra le altre cose, l\u2019acquisto di sementi e concimi, mangimi, antiparassitari, carburanti, il pagamento di prestazione e salari, gli affitti e le rate assicurative ed \u00e8 destinato alle PMI, condotte da imprenditori agricoli con sede operativa in Sardegna. L\u2019importo dell\u2019operazione di credito non potr\u00e0 essere inferiore a 5mila euro per azienda. In ogni caso, l\u2019intervento regionale, cos\u00ec come previsto dalla normativa comunitaria, non potr\u00e0 eccedere l\u2019importo complessivo degli aiuti \u201cde minimis\u201d di 15mila euro, concessi a un\u2019impresa nell\u2019arco di tre esercizi finanziari.<\/p>\n<p>Le domande possono essere presentate ai servizi territoriali di ARGEA, che istruir\u00e0 le richieste di contributo mediante procedimento a sportello e determiner\u00e0 il possesso dei requisiti e l\u2019eventuale importo massimo dell\u2019agevolazione. Il provvedimento di ammissibilit\u00e0 verr\u00e0 poi trasmesso da ARGEA all\u2019azienda e all\u2019istituto di credito convenzionato, che poi provveder\u00e0 ad avviare l\u2019iter per l\u2019apertura della linea di credito.<\/p>\n","protected":false},"excerpt":{"rendered":"<p>Cagliari, 27 Feb 2017 &#8211;\u00a0Con la firma della convenzione tra Regione e Banco di Sardegna subito operativi gli aiuti per i prestiti di conduzione agraria&#8230;<\/p>\n","protected":false},"author":2,"featured_media":138953,"comment_status":"closed","ping_status":"closed","sticky":false,"template":"","format":"standard","meta":[],"categories":[49,52],"tags":[],"_links":{"self":[{"href":"https:\/\/www.cronacaonline.it\/index.php\/wp-json\/wp\/v2\/posts\/138946"}],"collection":[{"href":"https:\/\/www.cronacaonline.it\/index.php\/wp-json\/wp\/v2\/posts"}],"about":[{"href":"https:\/\/www.cronacaonline.it\/index.php\/wp-json\/wp\/v2\/types\/post"}],"author":[{"embeddable":true,"href":"https:\/\/www.cronacaonline.it\/index.php\/wp-json\/wp\/v2\/users\/2"}],"replies":[{"embeddable":true,"href":"https:\/\/www.cronacaonline.it\/index.php\/wp-json\/wp\/v2\/comments?post=138946"}],"version-history":[{"count":0,"href":"https:\/\/www.cronacaonline.it\/index.php\/wp-json\/wp\/v2\/posts\/138946\/revisions"}],"wp:featuredmedia":[{"embeddable":true,"href":"https:\/\/www.cronacaonline.it\/index.php\/wp-json\/wp\/v2\/media\/138953"}],"wp:attachment":[{"href":"https:\/\/www.cronacaonline.it\/index.php\/wp-json\/wp\/v2\/media?parent=138946"}],"wp:term":[{"taxonomy":"category","embeddable":true,"href":"https:\/\/www.cronacaonline.it\/index.php\/wp-json\/wp\/v2\/categories?post=138946"},{"taxonomy":"post_tag","embeddable":true,"href":"https:\/\/www.cronacaonline.it\/index.php\/wp-json\/wp\/v2\/tags?post=138946"}],"curies":[{"name":"wp","href":"https:\/\/api.w.org\/{rel}","templated":true}]}}