{"id":138929,"date":"2017-02-27T14:02:42","date_gmt":"2017-02-27T13:02:42","guid":{"rendered":"http:\/\/www.cronacaonline.it\/public\/content\/?p=138929"},"modified":"2017-02-27T14:02:42","modified_gmt":"2017-02-27T13:02:42","slug":"rasporto-scolastico-assessore-firino-consegna-altri-7-scuolabus-risorse-per-diritto-allo-studio-e-scuola-di-qualita","status":"publish","type":"post","link":"https:\/\/www.cronacaonline.it\/index.php\/2017\/02\/27\/rasporto-scolastico-assessore-firino-consegna-altri-7-scuolabus-risorse-per-diritto-allo-studio-e-scuola-di-qualita\/","title":{"rendered":"Trasporto scolastico, Assessore Firino consegna altri 7 scuolabus: \u201crisorse per diritto allo studio e scuola di qualit\u00e0\u201d"},"content":{"rendered":"<p>Cagliari, 27 Feb 2017 \u2013\u00a0\u201cE\u2019 la pi\u00f9 importante azione di rinnovo del parco autobus destinati al trasporto scolastico degli ultimi trent'anni nella nostra Regione. Un impegno preso con le nostre comunit\u00e0, soprattutto quelle delle aree interne, gi\u00e0 nei primi mesi di mandato per il diritto allo studio di tutti i ragazzi, disabili compresi in quanto i mezzi sono tutti accessibili. In queste settimane portiamo finalmente a compimento il progetto di una scuola di qualit\u00e0 anche per ci\u00f2 che concerne la parte dei servizi. Negli ultimi due anni abbiamo infatti incrementato le risorse destinate al trasporto scolastico gestito dai Comuni, stabilendo per la prima volta criteri chiari e trasparenti per l'accesso alle risorse\u201d. A dirlo questa mattina durante la consegna di 7 scuolabus ai sindaci e dirigenti scolastici \u00e8 l\u2019assessora della Pubblica Istruzione Claudia Firino.<\/p>\n<p>I 7 scuolabus.\u00a0Fanno parte della fornitura dei\u00a042\u00a0mezzi acquistati dalla Regione per i Comuni, e del totale dei\u00a036\u00a0bus attualmente consegnati. I restanti 6 mezzi saranno collaudati e giungeranno a breve a destinazione per il trasporto degli studenti. Hanno ritirato\u00a0oggi\u00a0gli scuolabus l\u2019Unione dei Comuni del Guilcer (Abbasanta, Aidomaggiore, Boroneddu, Ghilarza, Norbello, Paulilatino, Sedilo, Sodd\u00ec, Tadasuni), Unione dei Comuni del Barigadu (Ardauli, Bidon\u00ec, Busachi, Fordongianus, Neoneli, Nughedu Santa Vittoria, Samugheo, Sorradile, Ula Tirso), Comune di Loculi e Onifai. \u201cDiamo in consegna\u00a0oggi\u00a0sette scuolabus a due Unioni dei Comuni e due Municipi - ha proseguito Firino - che hanno scelto di collaborare per gestire i servizi di supporto ai loro studenti. Tre esempi del messaggio che abbiamo sempre voluto trasmettere ai territori della nostra isola, specie quelli pi\u00f9 in difficolt\u00e0: una scuola di qualit\u00e0, il diritto allo studio di studentesse e studenti, che si rafforza quando i centri lavorano insieme con la capacit\u00e0 di pensarsi comunit\u00e0, oltre i propri confini. Con l'acquisto di questi mezzi non consideriamo certamente concluso il lavoro: abbiamo infatti presentato un progetto su fondi premiali del Miur pari a oltre tre milioni, per finanziare l\u2019acquisto di ulteriori scuolabus\u201d.<\/p>\n","protected":false},"excerpt":{"rendered":"<p>Cagliari, 27 Feb 2017 \u2013\u00a0\u201cE\u2019 la pi\u00f9 importante azione di rinnovo del parco autobus destinati al trasporto scolastico degli ultimi trent&#8217;anni nella nostra Regione. Un&#8230;<\/p>\n","protected":false},"author":2,"featured_media":138930,"comment_status":"closed","ping_status":"closed","sticky":false,"template":"","format":"standard","meta":[],"categories":[49,52],"tags":[],"_links":{"self":[{"href":"https:\/\/www.cronacaonline.it\/index.php\/wp-json\/wp\/v2\/posts\/138929"}],"collection":[{"href":"https:\/\/www.cronacaonline.it\/index.php\/wp-json\/wp\/v2\/posts"}],"about":[{"href":"https:\/\/www.cronacaonline.it\/index.php\/wp-json\/wp\/v2\/types\/post"}],"author":[{"embeddable":true,"href":"https:\/\/www.cronacaonline.it\/index.php\/wp-json\/wp\/v2\/users\/2"}],"replies":[{"embeddable":true,"href":"https:\/\/www.cronacaonline.it\/index.php\/wp-json\/wp\/v2\/comments?post=138929"}],"version-history":[{"count":0,"href":"https:\/\/www.cronacaonline.it\/index.php\/wp-json\/wp\/v2\/posts\/138929\/revisions"}],"wp:featuredmedia":[{"embeddable":true,"href":"https:\/\/www.cronacaonline.it\/index.php\/wp-json\/wp\/v2\/media\/138930"}],"wp:attachment":[{"href":"https:\/\/www.cronacaonline.it\/index.php\/wp-json\/wp\/v2\/media?parent=138929"}],"wp:term":[{"taxonomy":"category","embeddable":true,"href":"https:\/\/www.cronacaonline.it\/index.php\/wp-json\/wp\/v2\/categories?post=138929"},{"taxonomy":"post_tag","embeddable":true,"href":"https:\/\/www.cronacaonline.it\/index.php\/wp-json\/wp\/v2\/tags?post=138929"}],"curies":[{"name":"wp","href":"https:\/\/api.w.org\/{rel}","templated":true}]}}