{"id":138886,"date":"2017-02-25T19:06:34","date_gmt":"2017-02-25T18:06:34","guid":{"rendered":"http:\/\/www.cronacaonline.it\/public\/content\/?p=138886"},"modified":"2017-02-25T19:06:34","modified_gmt":"2017-02-25T18:06:34","slug":"xv-edizione-premio-gramsci-firino-ad-ales-un-anno-di-progetti-inclusivi-per-conoscere-la-figura-dellintellettuale-sardo","status":"publish","type":"post","link":"https:\/\/www.cronacaonline.it\/index.php\/2017\/02\/25\/xv-edizione-premio-gramsci-firino-ad-ales-un-anno-di-progetti-inclusivi-per-conoscere-la-figura-dellintellettuale-sardo\/","title":{"rendered":"XV edizione premio Gramsci. Firino ad Ales: \u201cun anno di progetti inclusivi per conoscere la figura dell\u2019intellettuale sardo\u201d"},"content":{"rendered":"<p>Ales (Or), 25 Feb 2017 -\u00a0\u201cAbbiamo inaugurato proprio qui ad Ales, un anno fa, l\u2019istituzione dell\u2019Anno gramsciano, fortemente voluto dalla Giunta. In quell'occasione parlai di cultura e memoria come potente motore di riscatto sociale, ed \u00e8 questo il senso del progetto che abbiamo voluto mettere in campo come Regione.<\/p>\n<p>Ovvero fare in modo che il pensiero e l\u2019esempio di vita di Antonio Gramsci arrivasse nel modo pi\u00f9 forte e diretto anche a chi ancora non lo conosce, perch\u00e9 le sue parole possano essere, soprattutto per i pi\u00f9 giovani, una molla contro la rassegnazione e l\u2019apatia\u201d. A dirlo, intervenendo questo pomeriggio alla premiazione per la XV Edizione del premio letterario Antonio Gramsci, promosso dall'Associazione Casa Natale Antonio Gramsci, \u00e8 l\u2019assessora della Cultura Claudia Firino.<\/p>\n","protected":false},"excerpt":{"rendered":"<p>Ales (Or), 25 Feb 2017 &#8211;\u00a0\u201cAbbiamo inaugurato proprio qui ad Ales, un anno fa, l\u2019istituzione dell\u2019Anno gramsciano, fortemente voluto dalla Giunta. In quell&#8217;occasione parlai di&#8230;<\/p>\n","protected":false},"author":2,"featured_media":138797,"comment_status":"closed","ping_status":"closed","sticky":false,"template":"","format":"standard","meta":[],"categories":[49,52],"tags":[],"_links":{"self":[{"href":"https:\/\/www.cronacaonline.it\/index.php\/wp-json\/wp\/v2\/posts\/138886"}],"collection":[{"href":"https:\/\/www.cronacaonline.it\/index.php\/wp-json\/wp\/v2\/posts"}],"about":[{"href":"https:\/\/www.cronacaonline.it\/index.php\/wp-json\/wp\/v2\/types\/post"}],"author":[{"embeddable":true,"href":"https:\/\/www.cronacaonline.it\/index.php\/wp-json\/wp\/v2\/users\/2"}],"replies":[{"embeddable":true,"href":"https:\/\/www.cronacaonline.it\/index.php\/wp-json\/wp\/v2\/comments?post=138886"}],"version-history":[{"count":0,"href":"https:\/\/www.cronacaonline.it\/index.php\/wp-json\/wp\/v2\/posts\/138886\/revisions"}],"wp:featuredmedia":[{"embeddable":true,"href":"https:\/\/www.cronacaonline.it\/index.php\/wp-json\/wp\/v2\/media\/138797"}],"wp:attachment":[{"href":"https:\/\/www.cronacaonline.it\/index.php\/wp-json\/wp\/v2\/media?parent=138886"}],"wp:term":[{"taxonomy":"category","embeddable":true,"href":"https:\/\/www.cronacaonline.it\/index.php\/wp-json\/wp\/v2\/categories?post=138886"},{"taxonomy":"post_tag","embeddable":true,"href":"https:\/\/www.cronacaonline.it\/index.php\/wp-json\/wp\/v2\/tags?post=138886"}],"curies":[{"name":"wp","href":"https:\/\/api.w.org\/{rel}","templated":true}]}}