{"id":137492,"date":"2017-01-21T11:32:35","date_gmt":"2017-01-21T10:32:35","guid":{"rendered":"http:\/\/www.cronacaonline.it\/public\/content\/?p=137492"},"modified":"2017-01-21T11:32:35","modified_gmt":"2017-01-21T10:32:35","slug":"pregiudicato-di-sestu-arrestati-dai-carabinieri-per-detenzione-ai-fini-di-spaccio-di-stupefacenti","status":"publish","type":"post","link":"https:\/\/www.cronacaonline.it\/index.php\/2017\/01\/21\/pregiudicato-di-sestu-arrestati-dai-carabinieri-per-detenzione-ai-fini-di-spaccio-di-stupefacenti\/","title":{"rendered":"Pregiudicato di Sestu arrestati dai carabinieri per detenzione ai fini di spaccio di stupefacenti."},"content":{"rendered":"<p>Sestu (Ca), 21 Gen 2017 -Nel pomeriggi di ieri, a Sestu (Ca), Via Dettori, i carabinieri della Stazione della cittadina del cagliaritano, durante un normale servizio di controllo del territorio, hanno arrestato per detenzione a fini spaccio di stupefacenti e furto aggravato,\u00a0Antonio Cau, di 45 anni, disoccupato con precedenti di Sestu, il quale poco prima, si era reso responsabile del furto di autovettura. Quindi \u00e8 stato sottoposto a perquisizione personale e domiciliare ed \u00e8 stato trovato anche in possesso di 10 grammi circa di stupefacente (per lo pi\u00f9 cocaina), un coltello a serramanico del tipo proibito e circa \u20ac 50,00, ritenuto rovento di spaccio.<\/p>\n<p>Quindi il pregiudicato \u00e8 stato dichiarato in arresto e trattenuto presso camere sicurezza compagnia cc Quartu Sant\u2019Elena in attesa della celebrazione del rito direttissimo previsto per oggi.<\/p>\n","protected":false},"excerpt":{"rendered":"<p>Sestu (Ca), 21 Gen 2017 -Nel pomeriggi di ieri, a Sestu (Ca), Via Dettori, i carabinieri della Stazione della cittadina del cagliaritano, durante un normale&#8230;<\/p>\n","protected":false},"author":2,"featured_media":137493,"comment_status":"closed","ping_status":"closed","sticky":false,"template":"","format":"standard","meta":[],"categories":[49,55],"tags":[],"_links":{"self":[{"href":"https:\/\/www.cronacaonline.it\/index.php\/wp-json\/wp\/v2\/posts\/137492"}],"collection":[{"href":"https:\/\/www.cronacaonline.it\/index.php\/wp-json\/wp\/v2\/posts"}],"about":[{"href":"https:\/\/www.cronacaonline.it\/index.php\/wp-json\/wp\/v2\/types\/post"}],"author":[{"embeddable":true,"href":"https:\/\/www.cronacaonline.it\/index.php\/wp-json\/wp\/v2\/users\/2"}],"replies":[{"embeddable":true,"href":"https:\/\/www.cronacaonline.it\/index.php\/wp-json\/wp\/v2\/comments?post=137492"}],"version-history":[{"count":0,"href":"https:\/\/www.cronacaonline.it\/index.php\/wp-json\/wp\/v2\/posts\/137492\/revisions"}],"wp:featuredmedia":[{"embeddable":true,"href":"https:\/\/www.cronacaonline.it\/index.php\/wp-json\/wp\/v2\/media\/137493"}],"wp:attachment":[{"href":"https:\/\/www.cronacaonline.it\/index.php\/wp-json\/wp\/v2\/media?parent=137492"}],"wp:term":[{"taxonomy":"category","embeddable":true,"href":"https:\/\/www.cronacaonline.it\/index.php\/wp-json\/wp\/v2\/categories?post=137492"},{"taxonomy":"post_tag","embeddable":true,"href":"https:\/\/www.cronacaonline.it\/index.php\/wp-json\/wp\/v2\/tags?post=137492"}],"curies":[{"name":"wp","href":"https:\/\/api.w.org\/{rel}","templated":true}]}}