{"id":137197,"date":"2017-01-13T17:31:49","date_gmt":"2017-01-13T16:31:49","guid":{"rendered":"http:\/\/www.cronacaonline.it\/public\/content\/?p=137197"},"modified":"2017-01-13T17:31:49","modified_gmt":"2017-01-13T16:31:49","slug":"geoparco-la-giunta-sardegna-approva-delibera-di-indirizzo-per-la-rioccupazione-dei-lavoratori","status":"publish","type":"post","link":"https:\/\/www.cronacaonline.it\/index.php\/2017\/01\/13\/geoparco-la-giunta-sardegna-approva-delibera-di-indirizzo-per-la-rioccupazione-dei-lavoratori\/","title":{"rendered":"Geoparco, la Giunta Sardegna approva delibera di indirizzo per la rioccupazione dei lavoratori"},"content":{"rendered":"<p>Cagliari, 13 Gen 2017 \u2013\u00a0La Giunta regionale ha approvato\u00a0oggi\u00a0una delibera di indirizzo che d\u00e0 attuazione alla legge regionale 34, adottata dal Consiglio Regionale il 22 dicembre del 2016, con cui \u00e8 stato disegnato un percorso di rioccupazione per i lavoratori del \u201cParco Geominerario storico e ambientale della Sardegna\u201d.<\/p>\n<p>L\u2019atto della Giunta \u2013 proposto dalla Presidenza di concerto con gli assessori del Lavoro, dell\u2019Industria e degli Enti Locali - prevede un insieme articolato di attivit\u00e0 (profilazione dei lavoratori, eventuali percorsi di riallineamento delle competenze, azioni collegate) da concludersi entro il prossimo 1 marzo.<\/p>\n<p>Tali attivit\u00e0 sono preliminari alla assunzione a termine dei lavoratori presso societ\u00e0 in house ed enti pubblici, durante il \u201cperiodo ponte\u201d che intercorre fino alla conclusione delle procedure ad evidenza pubblica attraverso cui verr\u00e0 individuato il soggetto imprenditoriale a cui sar\u00e0 affidato il nuovo Piano del Parco geominerario storico e ambientale della Sardegna. Tale soggetto dovr\u00e0 farsi carico degli stessi addetti attualmente parte del bacino occupazionale.<\/p>\n<p>La Giunta, con la delibera adottata\u00a0oggi\u00a0\u2013 frutto del lavoro di un gruppo interassessoriale con il coordinamento della Presidenza della Regione \u2013 onora l\u2019impegno assunto con le organizzazioni sindacali territoriali nell\u2019accordo stipulato lo scorso 30 dicembre.<\/p>\n<p>Il contenuto della delibera adottata dall\u2019esecutivo sar\u00e0 presentato nel dettaglio alle organizzazioni sindacali in un incontro gi\u00e0 convocato per luned\u00ec prossimo, 16 gennaio, a Cagliari.<\/p>\n","protected":false},"excerpt":{"rendered":"<p>Cagliari, 13 Gen 2017 \u2013\u00a0La Giunta regionale ha approvato\u00a0oggi\u00a0una delibera di indirizzo che d\u00e0 attuazione alla legge regionale 34, adottata dal Consiglio Regionale il 22&#8230;<\/p>\n","protected":false},"author":2,"featured_media":72561,"comment_status":"closed","ping_status":"closed","sticky":false,"template":"","format":"standard","meta":[],"categories":[49,52],"tags":[],"_links":{"self":[{"href":"https:\/\/www.cronacaonline.it\/index.php\/wp-json\/wp\/v2\/posts\/137197"}],"collection":[{"href":"https:\/\/www.cronacaonline.it\/index.php\/wp-json\/wp\/v2\/posts"}],"about":[{"href":"https:\/\/www.cronacaonline.it\/index.php\/wp-json\/wp\/v2\/types\/post"}],"author":[{"embeddable":true,"href":"https:\/\/www.cronacaonline.it\/index.php\/wp-json\/wp\/v2\/users\/2"}],"replies":[{"embeddable":true,"href":"https:\/\/www.cronacaonline.it\/index.php\/wp-json\/wp\/v2\/comments?post=137197"}],"version-history":[{"count":0,"href":"https:\/\/www.cronacaonline.it\/index.php\/wp-json\/wp\/v2\/posts\/137197\/revisions"}],"wp:featuredmedia":[{"embeddable":true,"href":"https:\/\/www.cronacaonline.it\/index.php\/wp-json\/"}],"wp:attachment":[{"href":"https:\/\/www.cronacaonline.it\/index.php\/wp-json\/wp\/v2\/media?parent=137197"}],"wp:term":[{"taxonomy":"category","embeddable":true,"href":"https:\/\/www.cronacaonline.it\/index.php\/wp-json\/wp\/v2\/categories?post=137197"},{"taxonomy":"post_tag","embeddable":true,"href":"https:\/\/www.cronacaonline.it\/index.php\/wp-json\/wp\/v2\/tags?post=137197"}],"curies":[{"name":"wp","href":"https:\/\/api.w.org\/{rel}","templated":true}]}}