{"id":137191,"date":"2017-01-13T15:59:42","date_gmt":"2017-01-13T14:59:42","guid":{"rendered":"http:\/\/www.cronacaonline.it\/public\/content\/?p=137191"},"modified":"2017-01-13T15:59:42","modified_gmt":"2017-01-13T14:59:42","slug":"turismo-la-sardegna-alla-cmt-di-stoccarda-flussi-tedeschi-in-forte-crescita","status":"publish","type":"post","link":"https:\/\/www.cronacaonline.it\/index.php\/2017\/01\/13\/turismo-la-sardegna-alla-cmt-di-stoccarda-flussi-tedeschi-in-forte-crescita\/","title":{"rendered":"Turismo, la Sardegna alla Cmt di Stoccarda. Flussi tedeschi in forte crescita"},"content":{"rendered":"<p>Cagliari, 13 Gen 2017\u00a0-\u00a0Riparte da Stoccarda la campagna promozionale della Sardegna in Germania, di gran lunga il suo mercato internazionale principale. Da gennaio a ottobre 2016 sono stati registrati 323.532 arrivi di tedeschi nell\u2019Isola che, con una permanenza media di 5,4 giorni, hanno generato 1.735.894 presenze nelle strutture ricettive isolane. Nello stesso periodo del 2015 le presenze erano state 1.552.765: l\u2019aumento \u00e8 del 12 per cento.<\/p>\n<p>L\u2019intensa attivit\u00e0 di promozione inizia\u00a0domani\u00a0dalla Caravan motor touristik (CMT), fiera dedicata in particolare ai soggiorni all\u2019area aperta. A Stoccarda, nello stand Sardegna Endless Island, sino a domenica 22, saranno protagoniste venti aziende sarde, accreditate dall\u2019assessorato del Turismo, Artigianato e Commercio, in rappresentanza di hotel e catene alberghiere, camping e tour operator, di societ\u00e0 di servizi, consorzi e associazioni turistiche (compresa la Faita, federazione che rappresenta le strutture all\u2019aria aperta). Alla rassegna tedesca partecipano 2100 espositori provenienti da 98 Paesi. In media si registrano 200 mila visitatori nell\u2019arco dei nove giorni di esposizione all\u2019interno di uno spazio di centomila metri quadri. \u00c8 il salone internazionale pi\u00f9 importante per i viaggi in auto, camper e caravan, ma i leit-motiv, oltre che il turismo all\u2019area aperta, sono molteplici: turismo attivo (specie viaggi in bici ed escursioni trekking), turismo natura e avventura, soggiorni in centri benessere e golfistici, crociere e turismo congressuale.<\/p>\n<p>La richiesta principale che proviene dal\u00a0Baden-W\u00fcrttemberg\u00a0la regione di Stoccarda, terra di grandi case automobilistiche, \u00e8 quella di turismo naturalistico e attivo, due degli asset tematici su cui si basa il piano strategico di azioni turistiche 2017-19 della Regione: \u201cAbbiamo messo in campo da tre anni una nuova stagione di azioni promozionali in Germania, composta da campagna di comunicazione, fiere ed eventi\u00a0\u2013 afferma l\u2019assessore Francesco Morandi -\u00a0che testimonia l\u2019attenzione e l'impegno verso il nostro primo mercato obiettivo. Nel 2017 aumenter\u00e0 l\u2019investimento complessivo sulla Germania, raggiungendo il milione e 200 mila euro - prosegue - con l'obiettivo di migliorare ulteriormente i numeri da record dell\u2019anno scorso. Nell\u2019ambito della vision strategica, incentrata sulla qualit\u00e0 di vita, stiamo strutturando un\u2019offerta che, accanto al prodotto \u2018mare\u2019, include aspetti legati ad ambiente e natura, alla cultura e al benessere, al buon cibo e alle attivit\u00e0 sportive outdoor, con la definizione di un cartellone di eventi, tra cui spicca\u00a0la Grande Partenza della centesima edizione del Giro d\u2019Italia\u201d.<\/p>\n<p>La Cmt \u00e8 il primo appuntamento tedesco. Dal 21 al 29 gennaio, sar\u00e0 la volta della partecipazione alla Boot di Dusseldorf, kermesse di turismo nautico; a fine febbraio sar\u00e0 il turno della F.re.e di Monaco di Baviera; a marzo della 51esima edizione della prestigiosa Borsa internazionale di Berlino (ITB); a maggio, della Imex di Francoforte, principale appuntamento europeo di turismo congressuale. Ad esse va aggiunta la partecipazione alla Fespo di Zurigo, frequentata da tour operator tedeschi, e tre eventi promozionali in grandi citt\u00e0 tedesche e svizzere. Le fiere, il cui investimento \u00e8 400 mila euro, saranno accompagnate da una campagna di comunicazione \u2018mirata\u2019 su media tradizionali, potenziata rispetto al 2016 (800 mila euro, il doppio dello scorso anno), che impatter\u00e0 su tutti i mercati di lingua tedesca (anche Austria e Svizzera). La crescita dei flussi tedeschi si \u00e8 impennata negli ultimi tre anni: si \u00e8 passati da 1,270 milioni nel 2013 a 1,375 milioni nel 2014 (+8%), poi a 1,555 milioni nel 2015 (+13%), sino a 1,735 milioni da gennaio a ottobre 2016 (un ulteriore +12%). I tedeschi contribuiscono in maniera fondamentale alla crescita dei flussi stranieri: su sei milioni e mezzo di presenze straniere nell\u2019Isola nel 2016, pi\u00f9 di un quarto sono tedesche. In totale, le presenze di turisti di lingua tedesca, comprese Austria e Svizzera, sono ben due milioni e 770 mila (praticamente due su cinque totali).<\/p>\n","protected":false},"excerpt":{"rendered":"<p>Cagliari, 13 Gen 2017\u00a0&#8211;\u00a0Riparte da Stoccarda la campagna promozionale della Sardegna in Germania, di gran lunga il suo mercato internazionale principale. Da gennaio a ottobre&#8230;<\/p>\n","protected":false},"author":2,"featured_media":0,"comment_status":"closed","ping_status":"closed","sticky":false,"template":"","format":"standard","meta":[],"categories":[49,52],"tags":[],"_links":{"self":[{"href":"https:\/\/www.cronacaonline.it\/index.php\/wp-json\/wp\/v2\/posts\/137191"}],"collection":[{"href":"https:\/\/www.cronacaonline.it\/index.php\/wp-json\/wp\/v2\/posts"}],"about":[{"href":"https:\/\/www.cronacaonline.it\/index.php\/wp-json\/wp\/v2\/types\/post"}],"author":[{"embeddable":true,"href":"https:\/\/www.cronacaonline.it\/index.php\/wp-json\/wp\/v2\/users\/2"}],"replies":[{"embeddable":true,"href":"https:\/\/www.cronacaonline.it\/index.php\/wp-json\/wp\/v2\/comments?post=137191"}],"version-history":[{"count":0,"href":"https:\/\/www.cronacaonline.it\/index.php\/wp-json\/wp\/v2\/posts\/137191\/revisions"}],"wp:attachment":[{"href":"https:\/\/www.cronacaonline.it\/index.php\/wp-json\/wp\/v2\/media?parent=137191"}],"wp:term":[{"taxonomy":"category","embeddable":true,"href":"https:\/\/www.cronacaonline.it\/index.php\/wp-json\/wp\/v2\/categories?post=137191"},{"taxonomy":"post_tag","embeddable":true,"href":"https:\/\/www.cronacaonline.it\/index.php\/wp-json\/wp\/v2\/tags?post=137191"}],"curies":[{"name":"wp","href":"https:\/\/api.w.org\/{rel}","templated":true}]}}