{"id":137164,"date":"2017-01-12T19:30:16","date_gmt":"2017-01-12T18:30:16","guid":{"rendered":"http:\/\/www.cronacaonline.it\/public\/content\/?p=137164"},"modified":"2017-01-12T19:30:16","modified_gmt":"2017-01-12T18:30:16","slug":"giunta-sardegna-approvati-vari-provvedimenti-28","status":"publish","type":"post","link":"https:\/\/www.cronacaonline.it\/index.php\/2017\/01\/12\/giunta-sardegna-approvati-vari-provvedimenti-28\/","title":{"rendered":"Giunta Sardegna: approvati vari provvedimenti"},"content":{"rendered":"<p style=\"margin: 0cm; margin-bottom: .0001pt; text-align: justify; line-height: 18.0pt; background: white;\"><strong><span style=\"font-size: 10.0pt; font-family: 'Arial',sans-serif; color: black;\">Cagliari, 12 Gen 2017<\/span><\/strong><span style=\"font-size: 10.0pt; line-height: 107%; font-family: 'Arial',sans-serif;\"><span class=\"apple-converted-space\"><span style=\"font-size: 10.0pt; font-family: 'Arial',sans-serif; color: black;\">\u00a0<\/span><\/span><span style=\"font-size: 10.0pt; font-family: 'Arial',sans-serif; color: black;\">- La Giunta regionale riunita<span class=\"apple-converted-space\">\u00a0<\/span><a>oggi<\/a><span class=\"apple-converted-space\">\u00a0<\/span>a Villa Devoto, sotto la direzione del vicepresidente Raffaele Paci, a seguito di condivisione con gli amministratori locali e le associazioni interessate, ha nominato i rappresentanti della Regione in seno al Consiglio direttivo del Consorzio del Parco geominerario storico-ambientale della Sardegna. Si tratta di Debora Porr\u00e0 sindaco di Villamassargia; Giovanni Pilia, gi\u00e0 commissario straordinario del Consorzio Parco Geominerario e Luciano Ottelli, gi\u00e0 direttore generale del parco geominerario.<\/span><\/span><\/p>\n<p style=\"margin: 0cm; margin-bottom: .0001pt; text-align: justify; line-height: 18.0pt; background: white;\"><span><span style=\"font-size: 10.0pt; font-family: 'Arial',sans-serif; color: black;\">Anticipando l\u2019aggiornamento del nuovo Piano triennale, che dovr\u00e0 essere approvato entro<span class=\"apple-converted-space\">\u00a0<\/span><a>questo mese<\/a><span class=\"apple-converted-space\">\u00a0<\/span>di gennaio, la Giunta ha inoltre approvato, sempre su proposta della Presidenza, gli obiettivi strategici per la prevenzione della corruzione e per la trasparenza. In particolare, per promuovere maggiori livelli di trasparenza in tutti i servizi pubblici si prevede di completare il progetto di mappatura delle competenze del personale Ras, di accrescere i contatti con la cittadinanza e diffondere maggiormente la azioni dell\u2019amministrazione e di dare applicazione alla nuova legge sulla semplificazione ormai adottata. Sul fronte specifico della prevenzione della corruzione, si prevedono azioni e percorsi di formazione mirati; l\u2019ampliamento delle attivit\u00e0 collegate alle azioni promosse dalla Regione, l\u2019aggiornamento e la mappatura di processi a rischio corruttivo, con la valutazione del livello di rischio e l'adeguamento della \u201cBanca dati anticorruzione\u201d e ancora l'attivazione di sinergia tra Prefetture, Regione e stazioni appaltanti e interventi per l\u2019interoperabilit\u00e0 tra gli strumenti gi\u00e0 in uso.<\/span><\/span><\/p>\n<p style=\"margin: 0cm; margin-bottom: .0001pt; text-align: justify; line-height: 18.0pt; background: white;\"><strong><span><span style=\"font-size: 10.0pt; font-family: 'Arial',sans-serif; color: black;\">Istruzione<\/span><\/span><\/strong><span class=\"apple-converted-space\"><span style=\"font-size: 10.0pt; font-family: 'Arial',sans-serif; color: black;\">\u00a0<\/span><\/span><span style=\"font-size: 10.0pt; font-family: 'Arial',sans-serif; color: black;\">- E\u2019 stato approvato dalla Giunta in via preliminare il Piano di dimensionamento scolastico e l\u2019offerta formativa per l\u2019anno 2017\/2018. Su proposta dell\u2019assessora Claudia Firino, l\u2019Esecutivo si \u00e8 dotato di una offerta adeguata alle esigenze isolane, e la costituzione di un sistema formativo integrato, seguendo le indicazioni provenienti dai territori. Le Conferenze provinciali hanno lavorato per produrre e sottoporre alla Regione la loro proposta di riorganizzazione della rete scolastica e allo stesso tempo dell\u2019offerta formativa. Le Province hanno collaborato con Anci e Usr (Ufficio scolastico regionale), senza un intervento prescrittivo della Regione, esprimendo le proprie istanze, che sono state accolte laddove coerenti alle Linee Guida.<\/span><\/p>\n<p style=\"margin: 0cm; margin-bottom: .0001pt; text-align: justify; line-height: 18.0pt; background: white;\"><strong><span><span style=\"font-size: 10.0pt; font-family: 'Arial',sans-serif; color: black;\">Lavori Pubblici<\/span><\/span><\/strong><span class=\"apple-converted-space\"><span style=\"font-size: 10.0pt; font-family: 'Arial',sans-serif; color: black;\">\u00a0<\/span><\/span><span style=\"font-size: 10.0pt; font-family: 'Arial',sans-serif; color: black;\">- Nulla osta, su proposta dell'assessore Paolo Maninchedda, all\u2019immediata esecutivit\u00e0 della deliberazione del Commissario straordinario di Area che autorizza l\u2019esercizio provvisorio di bilancio dal 1\u00b0 gennaio al 28 febbraio e alla delibera dell\u2019Amministratore Unico dell\u2019Ente Acque della Sardegna che autorizza l\u2019esercizio provvisorio per il periodo 1\u00b0 gennaio - 30 aprile.<\/span><\/p>\n<p style=\"margin: 0cm; margin-bottom: .0001pt; text-align: justify; line-height: 18.0pt; background: white;\"><strong><span><span style=\"font-size: 10.0pt; font-family: 'Arial',sans-serif; color: black;\">Programmazione<\/span><\/span><\/strong><span class=\"apple-converted-space\"><span style=\"font-size: 10.0pt; font-family: 'Arial',sans-serif; color: black;\">\u00a0<\/span><\/span><span style=\"font-size: 10.0pt; font-family: 'Arial',sans-serif; color: black;\">- La Giunta ha definitivamente approvato su proposta dell'assessore Raffaele Paci le direttive di attuazione \"Competitivit\u00e0 per le medie, piccole e micro imprese\" che riguardano il bando T2, cio\u00e8 finanziamenti con tagli compresi fra 200 e 800mila euro destinati alle imprese, che sar\u00e0 pubblicato entro <\/span><\/p>\n","protected":false},"excerpt":{"rendered":"<p>Cagliari, 12 Gen 2017\u00a0&#8211; La Giunta regionale riunita\u00a0oggi\u00a0a Villa Devoto, sotto la direzione del vicepresidente Raffaele Paci, a seguito di condivisione con gli amministratori locali&#8230;<\/p>\n","protected":false},"author":2,"featured_media":135566,"comment_status":"closed","ping_status":"closed","sticky":false,"template":"","format":"standard","meta":[],"categories":[52],"tags":[],"_links":{"self":[{"href":"https:\/\/www.cronacaonline.it\/index.php\/wp-json\/wp\/v2\/posts\/137164"}],"collection":[{"href":"https:\/\/www.cronacaonline.it\/index.php\/wp-json\/wp\/v2\/posts"}],"about":[{"href":"https:\/\/www.cronacaonline.it\/index.php\/wp-json\/wp\/v2\/types\/post"}],"author":[{"embeddable":true,"href":"https:\/\/www.cronacaonline.it\/index.php\/wp-json\/wp\/v2\/users\/2"}],"replies":[{"embeddable":true,"href":"https:\/\/www.cronacaonline.it\/index.php\/wp-json\/wp\/v2\/comments?post=137164"}],"version-history":[{"count":0,"href":"https:\/\/www.cronacaonline.it\/index.php\/wp-json\/wp\/v2\/posts\/137164\/revisions"}],"wp:featuredmedia":[{"embeddable":true,"href":"https:\/\/www.cronacaonline.it\/index.php\/wp-json\/wp\/v2\/media\/135566"}],"wp:attachment":[{"href":"https:\/\/www.cronacaonline.it\/index.php\/wp-json\/wp\/v2\/media?parent=137164"}],"wp:term":[{"taxonomy":"category","embeddable":true,"href":"https:\/\/www.cronacaonline.it\/index.php\/wp-json\/wp\/v2\/categories?post=137164"},{"taxonomy":"post_tag","embeddable":true,"href":"https:\/\/www.cronacaonline.it\/index.php\/wp-json\/wp\/v2\/tags?post=137164"}],"curies":[{"name":"wp","href":"https:\/\/api.w.org\/{rel}","templated":true}]}}