{"id":137160,"date":"2017-01-12T16:27:05","date_gmt":"2017-01-12T15:27:05","guid":{"rendered":"http:\/\/www.cronacaonline.it\/public\/content\/?p=137160"},"modified":"2017-01-12T16:27:05","modified_gmt":"2017-01-12T15:27:05","slug":"industria-internazionalizzazione-al-via-bando-da-2-milioni-nuovi-seminari-export-lab-a-sassari","status":"publish","type":"post","link":"https:\/\/www.cronacaonline.it\/index.php\/2017\/01\/12\/industria-internazionalizzazione-al-via-bando-da-2-milioni-nuovi-seminari-export-lab-a-sassari\/","title":{"rendered":"Industria, internazionalizzazione: al via bando da 2 milioni, nuovi seminari export lab a Sassari"},"content":{"rendered":"<p>Sassari, 12 Gen 2017\u00a0-\u00a0Le imprese sarde apprezzano sempre pi\u00f9 le politiche di internazionalizzazione portate avanti dall\u2019assessorato dell\u2019Industria: sono passati appena due giorni dalla pubblicazione del bando da 2 milioni di euro destinato alle imprese singole e il 50 per cento dei fondi risulta gi\u00e0 assegnato.<\/p>\n<p>Soddisfatta l\u2019assessora dell\u2019Industria, Maria Grazia Piras: \u201c\u00c8 l\u2019ulteriore testimonianza del grande interesse e gradimento suscitati dal Programma Triennale per l\u2019Internazionalizzazione con il quale abbiamo messo in campo risorse pari a 16 milioni di euro attraverso bandi specifici per reti di impresa, associazioni di categoria e singole imprese. La Regione \u2013 dice l\u2019assessora \u2013 ha fiducia nel sistema imprenditoriale isolano e nelle potenzialit\u00e0 delle imprese di penetrare nei mercati esteri. Ecco il motivo per cui, da quasi due anni, stiamo promuovendo azioni di supporto per l\u2019internazionalizzazione. Per vincere la scommessa dell\u2019export non basta la qualit\u00e0 eccellente dei nostri prodotti. Servono imprese che si uniscano e che abbiano al loro interno figure professionali in grado di predisporre strategie di export appropriate e strumenti tecnologici al passo coi tempi. Su questo tema, per esempio, la Regione \u00e8 gi\u00e0 intervenuta a supporto delle aziende con una serie di momenti formativi\u201d.<\/p>\n<p>Proprio\u00a0oggi\u00a0a Sassari, nella sede di Confindustria Nord Sardegna, \u00e8 iniziato il nuovo ciclo di seminari organizzati dall\u2019assessorato dell\u2019Industria e dall\u2019Agenzia ICE all\u2019interno del progetto Export Lab. Si tratta di cinque incontri, uno ogni gioved\u00ec fino al 9 febbraio, ai quali parteciperanno i rappresentanti di 50 aziende. Al termine dei seminari formativi le imprese potranno avere inoltre un colloquio personalizzato con gli esperti dell\u2019Agenzia ICE per approfondire temi specifici. Questi seminari seguono la fase di formazione di manager qualificati e specializzati nell\u2019internazionalizzazione. Vi hanno partecipato 50 aziende che hanno fatto un percorso di formazione attualmente in fase di accompagnamento all\u2019estero con i tecnici dell\u2019Agenzia ICE. In sostanza, stanno attuando quanto fatto \u201cin aula\u201d nei 16 incontri svoltisi a Cagliari e Sassari e nei seminari con i consulenti che hanno aiutato gli export manager nella stesura dei piani di internazionalizzazione. Le aziende hanno predisposto i progetti di penetrazione commerciale e ora li stanno testando all\u2019estero. Ottimo riscontro hanno avuto anche i bandi per il sostegno alle imprese, alle Reti di impresa e alle associazioni di categoria. Il primo sulle Reti di impresa si \u00e8 chiuso con l\u2019assegnazione di 2,5 milioni di euro a 9 Reti per un totale di oltre 50 imprese coinvolte. Bando che \u00e8 gi\u00e0 stato rifinanziato con 1 milione di euro e ripartir\u00e0 il prossimo 30 gennaio. Quello che riguarda le associazioni di categoria e le camere di commercio ha gi\u00e0 portato al finanziamento di 600 mila euro per un progetto che vede coinvolte 14 imprese, tutte operanti nel settore dell\u2019agroalimentare. A febbraio queste aziende saranno in Russia per presentare l\u2019iniziativa e chiudere importanti contratti con operatori locali del settore.<\/p>\n","protected":false},"excerpt":{"rendered":"<p>Sassari, 12 Gen 2017\u00a0&#8211;\u00a0Le imprese sarde apprezzano sempre pi\u00f9 le politiche di internazionalizzazione portate avanti dall\u2019assessorato dell\u2019Industria: sono passati appena due giorni dalla pubblicazione del&#8230;<\/p>\n","protected":false},"author":2,"featured_media":132863,"comment_status":"closed","ping_status":"closed","sticky":false,"template":"","format":"standard","meta":[],"categories":[49,52],"tags":[],"_links":{"self":[{"href":"https:\/\/www.cronacaonline.it\/index.php\/wp-json\/wp\/v2\/posts\/137160"}],"collection":[{"href":"https:\/\/www.cronacaonline.it\/index.php\/wp-json\/wp\/v2\/posts"}],"about":[{"href":"https:\/\/www.cronacaonline.it\/index.php\/wp-json\/wp\/v2\/types\/post"}],"author":[{"embeddable":true,"href":"https:\/\/www.cronacaonline.it\/index.php\/wp-json\/wp\/v2\/users\/2"}],"replies":[{"embeddable":true,"href":"https:\/\/www.cronacaonline.it\/index.php\/wp-json\/wp\/v2\/comments?post=137160"}],"version-history":[{"count":0,"href":"https:\/\/www.cronacaonline.it\/index.php\/wp-json\/wp\/v2\/posts\/137160\/revisions"}],"wp:featuredmedia":[{"embeddable":true,"href":"https:\/\/www.cronacaonline.it\/index.php\/wp-json\/wp\/v2\/media\/132863"}],"wp:attachment":[{"href":"https:\/\/www.cronacaonline.it\/index.php\/wp-json\/wp\/v2\/media?parent=137160"}],"wp:term":[{"taxonomy":"category","embeddable":true,"href":"https:\/\/www.cronacaonline.it\/index.php\/wp-json\/wp\/v2\/categories?post=137160"},{"taxonomy":"post_tag","embeddable":true,"href":"https:\/\/www.cronacaonline.it\/index.php\/wp-json\/wp\/v2\/tags?post=137160"}],"curies":[{"name":"wp","href":"https:\/\/api.w.org\/{rel}","templated":true}]}}