{"id":137153,"date":"2017-01-12T15:12:18","date_gmt":"2017-01-12T14:12:18","guid":{"rendered":"http:\/\/www.cronacaonline.it\/public\/content\/?p=137153"},"modified":"2017-01-12T15:12:18","modified_gmt":"2017-01-12T14:12:18","slug":"finanziaria-2017-assessore-paci-risposte-chiare-al-malessere-sociale-e-lavorativo-e-politiche-per-sostenere-la-ripresa-e-lo-sviluppo","status":"publish","type":"post","link":"https:\/\/www.cronacaonline.it\/index.php\/2017\/01\/12\/finanziaria-2017-assessore-paci-risposte-chiare-al-malessere-sociale-e-lavorativo-e-politiche-per-sostenere-la-ripresa-e-lo-sviluppo\/","title":{"rendered":"Finanziaria 2017, Assessore Paci: risposte chiare al malessere sociale e lavorativo e politiche per sostenere la ripresa e lo sviluppo"},"content":{"rendered":"<p>Cagliari, 12 Gen 2017 -\u00a0Priorit\u00e0 assoluta a sociale, lavoro e politiche di sviluppo nella\u00a0Finanziaria presentata\u00a0oggi\u00a0in conferenza stampa dall'assessore della Programmazione e del Bilancio Raffaele Paci. Una manovra da 7 miliardi e 600 milioni (6 miliardi e 200 milioni di entrate proprie pi\u00f9 gli stanziamenti europei e nazionali) che vuole intercettare i segnali di ripresa e rafforzarli in vista di una crescita che per il 2017 si annuncia pi\u00f9 robusta. Intanto la Sardegna per la prima volta, tra le poche regioni in Italia, pu\u00f2 contare sul Reis, il Reddito di inclusione sociale da 30 milioni di euro. Anche questa Finanziaria si basa sulla programmazione unitaria dei fondi regionali, europei e nazionali destinati, da un'unica Cabina di regia, a interventi strategici e condivisi.<br \/>\nNessun taglio agli stanziamenti dell'anno precedente, niente aumento delle tasse, ancora l'Irap pi\u00f9 bassa d'Italia con l'azzeramento per i primi 5 anni di attivit\u00e0. Vengono interamente confermati i 600 milioni del Fondo unico per gli enti locali, in proporzione il pi\u00f9 alto d'Italia, ma gli stanziamenti a favore dei Comuni arrivano a circa 900 milioni contando le somme per lavoratori socialmente utili, scuole civiche di musica, musei, proloco e i finanziamenti per la gestione integrata dei servizi alla persona. E 25 milioni ancora \"liberi\" la cui destinazione sar\u00e0 decisa insieme al Consiglio regionale perch\u00e9, ribadisce Paci, \"la Finanziaria non \u00e8 dell'assessore o della Giunta, \u00e8 di tutti i sardi e dunque ho chiesto ancor prima dell'approvazione in Giunta la collaborazione di tutte le parti politiche, sociali, imprenditoriali per fare le migliori scelte possibili per i sardi. Da parte nostra c'\u00e8 una scelta molto chiara: con questa Finanziaria vogliamo dare risposte al malessere e ai disagi lavorativi e sociali, ma allo stesso tempo vogliamo avviare e consolidare politiche di sviluppo per l'intera Sardegna\".<br \/>\nAlle politiche sociali vanno 306 milioni di euro, 162 all'Istruzione, 66 ad Attivit\u00e0 culturali e Sport, 36 al Turismo. Ci sono poi 57 milioni disponibili per il territorio e l'edilizia abitativa, 542 per l'ambiente, 547 per Trasporti e Mobilit\u00e0, 130 milioni per competitivit\u00e0 e energia, 119 per le politiche del lavoro e la formazione, 311 per Agricoltura e Pesca. Alla Sanit\u00e0, infine, vengono assegnati 3 miliardi e 300 milioni di euro. \"Sui costi della sanit\u00e0 dobbiamo continuare a lavorare molto, perch\u00e9 ridurne i costi significa liberare risorse preziose da investire nelle altre politiche per la Sardegna. Non ci possiamo pi\u00f9 permettere una sanit\u00e0 che costa cos\u00ec tanto, e infatti abbiamo messo a punto un piano di risanamento che vogliamo completare in tre anni\", sottolinea il vicepresidente della Regione.<br \/>\nNel 2017, all\u2019interno dei 605 milioni di stanziamento statale, saranno gi\u00e0 spendibili i primi 241 milioni del Patto per la Sardegna da 3 miliardi firmato a luglio con il governo: soldi destinati soprattutto a infrastrutture, edilizia scolastica, trasporti, sistemi idrici, energia. Il mutuo infrastrutture tirer\u00e0 150 milioni di euro, il doppio rispetto all'anno scorso, il che significa cantieri e dunque possibilit\u00e0 di creare nuovi posti di lavoro. Con il governo ci sono due questioni urgenti da risolvere: gli accantonamenti \"che vanno pagati ma ridotti, perch\u00e9 la legge prevede che se subentrano nuove funzioni bisogna rivedere gli importi, e le nuove funzioni noi le abbiamo perch\u00e9 dobbiamo far fronte all'acquisto dei farmaci innovativi e ai nuovi Lea, quindi la somma di 680 milioni degli accantonamenti va assolutamente ridotta. Su questo la nostra trattativa con lo Stato \u00e8 costante e ferma e rester\u00e0 in piedi fino a che non otterremo il risultato. E poi rivendichiamo il diritto per la Sardegna ad accedere al fondo nazionale per i farmaci innovativi: stiamo parlando del riconoscimento di pari diritti ai nostri cittadini\".<\/p>\n<p>La Finanziaria, approvata a dicembre dall'Esecutivo, \u00e8 stata trasmessa al Consiglio regionale e sar\u00e0 ora discussa prima dalla terza Commissione Bilancio poi dall'Aula.<\/p>\n<p>&nbsp;<\/p>\n","protected":false},"excerpt":{"rendered":"<p>Cagliari, 12 Gen 2017 &#8211;\u00a0Priorit\u00e0 assoluta a sociale, lavoro e politiche di sviluppo nella\u00a0Finanziaria presentata\u00a0oggi\u00a0in conferenza stampa dall&#8217;assessore della Programmazione e del Bilancio Raffaele Paci.&#8230;<\/p>\n","protected":false},"author":2,"featured_media":137154,"comment_status":"closed","ping_status":"closed","sticky":false,"template":"","format":"standard","meta":[],"categories":[49,52],"tags":[],"_links":{"self":[{"href":"https:\/\/www.cronacaonline.it\/index.php\/wp-json\/wp\/v2\/posts\/137153"}],"collection":[{"href":"https:\/\/www.cronacaonline.it\/index.php\/wp-json\/wp\/v2\/posts"}],"about":[{"href":"https:\/\/www.cronacaonline.it\/index.php\/wp-json\/wp\/v2\/types\/post"}],"author":[{"embeddable":true,"href":"https:\/\/www.cronacaonline.it\/index.php\/wp-json\/wp\/v2\/users\/2"}],"replies":[{"embeddable":true,"href":"https:\/\/www.cronacaonline.it\/index.php\/wp-json\/wp\/v2\/comments?post=137153"}],"version-history":[{"count":0,"href":"https:\/\/www.cronacaonline.it\/index.php\/wp-json\/wp\/v2\/posts\/137153\/revisions"}],"wp:featuredmedia":[{"embeddable":true,"href":"https:\/\/www.cronacaonline.it\/index.php\/wp-json\/wp\/v2\/media\/137154"}],"wp:attachment":[{"href":"https:\/\/www.cronacaonline.it\/index.php\/wp-json\/wp\/v2\/media?parent=137153"}],"wp:term":[{"taxonomy":"category","embeddable":true,"href":"https:\/\/www.cronacaonline.it\/index.php\/wp-json\/wp\/v2\/categories?post=137153"},{"taxonomy":"post_tag","embeddable":true,"href":"https:\/\/www.cronacaonline.it\/index.php\/wp-json\/wp\/v2\/tags?post=137153"}],"curies":[{"name":"wp","href":"https:\/\/api.w.org\/{rel}","templated":true}]}}