{"id":137136,"date":"2017-01-12T08:52:30","date_gmt":"2017-01-12T07:52:30","guid":{"rendered":"http:\/\/www.cronacaonline.it\/public\/content\/?p=137136"},"modified":"2017-01-12T08:52:30","modified_gmt":"2017-01-12T07:52:30","slug":"lavori-consiglio-sardegna-via-libera-da-parte-del-consiglio-a-tre-mesi-di-esercizio-provvisorio-del-bilancio-della-regione-per-lanno-2017-approvato-anche-il-bilancio-interno-dellas-3","status":"publish","type":"post","link":"https:\/\/www.cronacaonline.it\/index.php\/2017\/01\/12\/lavori-consiglio-sardegna-via-libera-da-parte-del-consiglio-a-tre-mesi-di-esercizio-provvisorio-del-bilancio-della-regione-per-lanno-2017-approvato-anche-il-bilancio-interno-dellas-3\/","title":{"rendered":"Lavori Consiglio Sardegna: Via libera da parte del Consiglio a tre mesi di esercizio provvisorio del bilancio della Regione per l\u2019anno 2017. Approvato anche il bilancio interno dell\u2019Assemblea."},"content":{"rendered":"<p>Cagliari 11 Gen 2017 \u2013\u00a0\u00a0\u00a0\u00a0La seduta si \u00e8 aperta sotto la presidenza del presidente Gianfranco Ganau. Dopo le formalit\u00e0 di rito molti consiglieri regionali hanno preso la parola sull\u2019ordine dei lavori.<\/p>\n<p>Il capogruppo del Pd Pietro Cocco ha richiamato l\u2019attenzione del Consiglio sulla delicata situazione della Portovsme Srl, societ\u00e0 con 1220 dipendenti diretti pi\u00f9 l\u2019indotto che si \u00e8 venuta a trovare in grandi difficolt\u00e0, pur essendoci il tempo per intervenire in modo importante. La societ\u00e0, ha ricordato Cocco, \u00abha chiesto di realizzare un nuovo impianto di smaltimento rifiuti sul quale sono emerse difficolt\u00e0 tecniche, come \u00e8 emerso anche stamane in un contro con sindacati ed azienda\u00bb. Presenteremo una interrogazione all\u2019assessore dell\u2019Ambiente, ha annunciato Cocco, \u00absull\u2019iter autorizzativo eccessivamente lungo che metterebbe in pericolo il futuro dell\u2019azienda, una situazione da evitare attivando da subito un confronto serrato con l\u2019assessorato e le sue strutture\u00bb.<\/p>\n<p>Il capogruppo di Forza Italia Pietro Pittalis ha rilanciato invece la notizia riguardante la recente\u00a0bocciatura\u00a0della finanziaria 2016 da parte della corte Costituzionale, osservando che \u00abnon \u00e8 un mero incidente tecnico ma un fatto politico rilevantissimo e gravissimo mai verificatosi nella storia della Sardegna, un fatto sul quale non si possono trovare giustificazioni anche perch\u00e9 le norme erano molto chiare\u00bb. La Sardegna, ha proseguito, \u00abha ritirato i propri ricorsi ma non ha avuto la capacit\u00e0 di far ritirare allo Stato i suoi e inoltre, in questa circostanza, la Regione non si \u00e8 nemmeno costituita, forse perch\u00e9 la Regione ha fatto un falso in bilancio ed ora bisogna assumersene le responsabilit\u00e0\u00bb.<\/p>\n<p>Successivamente, il presidente del Consiglio ha dato la parola all\u2019assessore della Programmazione Raffaele Paci, precisando che lo stesso assessore aveva chiesto in precedenza di rivolgere comunicazioni all\u2019Assemblea in base all\u2019art.121 del regolamento.<\/p>\n<p>L\u2019assessore Paci, ribadendo la sua richiesta di intervenire in apertura della seduta, ha espresso dispiacere per i toni del consigliere Pittalis \u00abrispetto ad una interlocuzione di poco precedente\u00bb ma comunque, ha aggiunto, \u00abprendo atto della richiesta di dimissioni che non ho alcuna intenzione di dare, soprattutto se motivata da argomenti cos\u00ec strumentali\u00bb. Entrando nel merito della sentenza della corte Costituzionale, Paci ha ricordato che \u00abil governo ha impugnato a giugno l\u2019art.3 della finanziaria 2016 relativo ad un disavanzo tecnico di 31 milioni inserito per la prima volta dopo l\u2019introduzione del bilancio armonizzato\u00bb. Su questo argomento, ha detto ancora l\u2019assessore, \u00abc\u2019\u00e8 stato un confronto tecnico-giuridico al termine del quale \u00e8 prevalsa una opinione che si \u00e8 rivelata diversa da quella del ministero dell\u2019Economia e ora della corte Costituzionale ma, in effetti, il problema consiste solo nella corretta collocazione di una posta di bilancio\u00bb. Con il governo, ha continuato, \u00abc\u2019era l\u2019accordo che avremmo modificato la legge e, quanto all\u2019udienza davanti alla corte, non ci siamo costituiti per evitare danno erariale; poi il governo \u00e8 andato avanti perch\u00e9 chiedeva una sentenza che \u00e8 del 23 novembre anche se \u00e8 stata pubblicata\u00a0oggi\u00a0mentre noi abbiamo effettuato la correzione il 5 dicembre\u00bb. Nei fatti, ha concluso, \u00abnon c\u2019\u00e8 nessun effetto sul bilancio 2016 e sul pluriennale, se poi per assurdo la questione non fosse risolta prendo l\u2019impegno di dimettermi immediatamente\u00bb.<\/p>\n<p>Il capogruppo dell\u2019Udc Gianluigi Rubiu, riprendendo il tema sollevato dal capogruppo del Pd Pietro Cocco, ha espresso forte preoccupazione \u00abperch\u00e8 rischiamo ancora una volta, per incapacit\u00e0 degli uffici, di far chiudere una azienda con 1200 dipendenti per questioni legate alla discarica e soprattutto al nuovo impianto di trattamento rifiuti che darebbe alla stessa azienda con orizzonte di altri 10 anni\u00bb.<\/p>\n<p>Il capogruppo dei Riformatori Attilio Dedoni ha affermato che \u00abl\u2019assessore Paci ostenta troppa serenit\u00e0 mentre il problema \u00e8 che \u00e8 stata bocciata la legge nel suo complesso, con una operazione che non si poteva fare in regime di pareggio di bilancio e che, allo stato, mette in dubbio la legittimit\u00e0\u00a0a cascata\u00a0di tutti gli atti collegati alla legge di bilancio\u00bb. Nessuno, ha sostenuto infine, \u00abpu\u00f2 ritenersi al di sopra della legge e la Regione ha il dovere di cautelarsi perch\u00e9 non pu\u00f2 rischiare ulteriori contraccolpi negativi in materia finanziaria\u00bb.<\/p>\n<p>Il consigliere di Sel Luca Pizzuto, riprendendo il tema della Portovesme Srl, ha auspicato \u00abuna una seria riflessione sul funzionamento della macchina amministrativa di alcuni assessorati della Regione, perch\u00e9 l\u2019unica fabbrica di grandi dimensioni ancora attiva in Sardegna non pu\u00f2 entrare in crisi per problematiche incomprensibili ed aggiungersi alle tante aziende in difficolt\u00e0\u00bb.<\/p>\n<p>Il presidente Ganau ha dato la parola al relatore di maggioranza Franco Sabatini, del Pd, che si \u00e8 rimesso alla relazione allegata.<\/p>\n<p>Anche il relatore di minoranza Christian Solinas, sardista, ha rinviato al testo depositato, osservando per\u00f2 che \u00abdue mesi di esercizio provvisorio sono troppo pochi rispetto ai tempi che abbiamo di fronte e ne servono almeno tre; inoltre sarebbe opportuno agganciare gli stanziamenti all\u2019esercizio corrente\u00bb.<\/p>\n<p>Aprendo la discussione generale il consigliere di Forza Italia Ignazio Locci ha puntualizzato che \u00abla scelta della Giunta appare in contraddizione con i principi del bilancio armonizzato, una situazione grave anche perch\u00e9 il Consiglio ha ricevuto solo\u00a0oggi\u00a0i dati completi relativi al bilancio e, di fatto, stiamo avviando l\u2019esercizio 2017 al\u00a0buio\u00bb. Ma basta uno sguardo al riepilogo generale, secondo Locci, \u00abper vedere una situazione disastrosa perch\u00e9 abbiamo 7,5 miliardi rispetto ai 10 che dovremmo avere e siamo ben al di sotto dei parametri corretti\u00bb.<\/p>\n<p>Ancora per Forza Italia il consigliere Oscar Cherchi ha parlato di un esercizio provvisorio che \u00abha un evidente vizio di forma che si cerca di far passare in secondo piano rispetto alla gravit\u00e0 politica dell\u2019annullamento della finanziaria 2016, cosa che la prima volta ma capita ad una Giunta di centro sinistra e ad un assessore - professore esperto in materia\u00bb. Non si pu\u00f2 approvare un esercizio provvisorio, secondo Cherchi, \u00abriguardante una finanziaria che non c\u2019\u00e8 e non pu\u00f2 essere sostituita, come sostiene la maggioranza, dall\u2019assestamento di bilancio approvato recentemente; Paci deve riconoscere l\u2019errore per il bene di tutti sardi e tornare all\u2019insegnamento universitario\u00bb.<\/p>\n<p>Sempre per Forza Italia il vice capogruppo Alessandra Zedda ha ricordato che \u00abl\u2019opposizione aveva sollevato questi problemi chiedendo un altro anno di transizione e rinviando l\u2019introduzione del bilancio armonizzato; ora \u00e8 necessario fermarsi per ragionare e capire se l\u2019esercizio provvisorio che viene proposto ha effettive basi contabili e forse c\u2019\u00e8 bisogno di una nuova manovra aggiuntiva perch\u00e9 non \u00e8 detto che l\u2019assestamento abbia sanato i rilievi della corte Costituzionale\u00bb. I sardi, ha concluso, \u00abhanno diritto ad avere certezze sui conti della Regione\u00bb.<\/p>\n<p>L\u2019altro vice capogruppo Marco Tedde, rivolto all\u2019assessore, ha detto che \u00abl\u2019opposizione non deve fare\u00a0inchini\u00a0alla Giunta ma fare controproposte e mettere in evidenza una visione diversa dei problemi della Sardegna\u00bb e, affrontando il tema dell\u2019esercizio provvisorio 2017, ha lamentato che \u00abin concreto non ha dati di riferimento tranne quelli depositati solo stamattina peraltro molto parziali, e del resto non potrebbe essere altrimenti perch\u00e9 non abbiamo nemmeno il bilancio del 2016, dato che Paci erroneamente minimizza\u00bb. Se non vuole dare le dimissioni rimanga pure, ha proseguito Tedde riferendosi ad una fase precedente del dibattito, \u00abfatto sta che l\u2019esercizio provvisorio di due mesi \u00e8 il solito annuncio in un momento economico drammatico in cui la Regione registra tutti gli indicatori negativi, che si somma ad un momento politico in cui l\u2019esecutivo \u00e8 zoppo e la maggioranza \u00e8 ogni giorno alla ricerca di se stessa, prigioniera di continue risse e contraddizioni interne\u00bb.<\/p>\n<p>Il consigliere Franco Sabatini (Pd) ha chiarito che \u00abla commissione ha operato in presenza di una richiesta di esercizio provvisorio secondo la prassi corrente con uno schema di bilancio e non col testo integrale\u00bb. Contrariamente a quanto sostenuto dalla minoranza, ha aggiunto, \u00abnon bisogna fermarsi n\u00e8 rallentare ma anzi correre ed approvare la nuova finanziaria anche se ritengo che si possa andare oltre i due mesi indicati dal provvedimento; su questo siamo disponibili ad una modifica\u00bb. Segue<\/p>\n","protected":false},"excerpt":{"rendered":"<p>Cagliari 11 Gen 2017 \u2013\u00a0\u00a0\u00a0\u00a0La seduta si \u00e8 aperta sotto la presidenza del presidente Gianfranco Ganau. Dopo le formalit\u00e0 di rito molti consiglieri regionali hanno&#8230;<\/p>\n","protected":false},"author":2,"featured_media":0,"comment_status":"closed","ping_status":"closed","sticky":false,"template":"","format":"standard","meta":[],"categories":[52],"tags":[],"_links":{"self":[{"href":"https:\/\/www.cronacaonline.it\/index.php\/wp-json\/wp\/v2\/posts\/137136"}],"collection":[{"href":"https:\/\/www.cronacaonline.it\/index.php\/wp-json\/wp\/v2\/posts"}],"about":[{"href":"https:\/\/www.cronacaonline.it\/index.php\/wp-json\/wp\/v2\/types\/post"}],"author":[{"embeddable":true,"href":"https:\/\/www.cronacaonline.it\/index.php\/wp-json\/wp\/v2\/users\/2"}],"replies":[{"embeddable":true,"href":"https:\/\/www.cronacaonline.it\/index.php\/wp-json\/wp\/v2\/comments?post=137136"}],"version-history":[{"count":0,"href":"https:\/\/www.cronacaonline.it\/index.php\/wp-json\/wp\/v2\/posts\/137136\/revisions"}],"wp:attachment":[{"href":"https:\/\/www.cronacaonline.it\/index.php\/wp-json\/wp\/v2\/media?parent=137136"}],"wp:term":[{"taxonomy":"category","embeddable":true,"href":"https:\/\/www.cronacaonline.it\/index.php\/wp-json\/wp\/v2\/categories?post=137136"},{"taxonomy":"post_tag","embeddable":true,"href":"https:\/\/www.cronacaonline.it\/index.php\/wp-json\/wp\/v2\/tags?post=137136"}],"curies":[{"name":"wp","href":"https:\/\/api.w.org\/{rel}","templated":true}]}}