{"id":137134,"date":"2017-01-12T08:51:31","date_gmt":"2017-01-12T07:51:31","guid":{"rendered":"http:\/\/www.cronacaonline.it\/public\/content\/?p=137134"},"modified":"2017-01-12T08:51:31","modified_gmt":"2017-01-12T07:51:31","slug":"lavori-consiglio-sardegna-via-libera-da-parte-del-consiglio-a-tre-mesi-di-esercizio-provvisorio-del-bilancio-della-regione-per-lanno-2017-approvato-anche-il-bilancio-interno-dellas-2","status":"publish","type":"post","link":"https:\/\/www.cronacaonline.it\/index.php\/2017\/01\/12\/lavori-consiglio-sardegna-via-libera-da-parte-del-consiglio-a-tre-mesi-di-esercizio-provvisorio-del-bilancio-della-regione-per-lanno-2017-approvato-anche-il-bilancio-interno-dellas-2\/","title":{"rendered":"Lavori Consiglio Sardegna: Via libera da parte del Consiglio a tre mesi di esercizio provvisorio del bilancio della Regione per l\u2019anno 2017. Approvato anche il bilancio interno dell\u2019Assemblea (2)"},"content":{"rendered":"<p>&nbsp;<\/p>\n<p>Dopo Sabatini ha preso la parola Dedoni (Riformatori), che ha detto: \u00abGi\u00e0 lo scorso anno proposi alla Giunta di allungare i termini dell\u2019esercizio provvisorio eppure la proposta non fu accettata ma ugualmente l\u2019autorizzazione fu richiesta al Consiglio di mese in mese. Credo che sia intelligente arrivare a tre mesi\u00bb. L\u2019oratore ha aggiunto: \u00abSarebbe opportuno chiedersi con umilt\u00e0 ogni giorno se quanto fatto \u00e8 stato fatto bene. L\u2019arroganza non aiuta e non porta soluzioni intelligenti. Altro che pazzie del centrodestra, altro che governo amico: se prima non c\u2019era nell\u2019agone politico qualche populista di certo lo troveremo presto sulla strada\u00bb.<\/p>\n<p>Per Rubiu (Udc) \u00abla Consulta ha censurato il Bilancio 2016 e\u00a0ora quel bilancio dovr\u00e0 essere riapprovato, con tutte le conseguenze del caso. I professori hanno fallito e sono stati cassati proprio nell\u2019economia, nella loro materia. I professori hanno dimostrato di essere principianti allo sbaraglio e i sardi vi ringrazieranno, per tutti i risultati che avete ottenuto. A cominciare dai trasporti.\u00a0 Assessore Paci, si dimetta\u00bb.<\/p>\n<p>Per il Pd ha preso la parola il capogruppo, Cocco: \u00abL\u2019assessore Paci ha riconosciuto che dietro questa bocciatura c\u2019\u00e8 un errore tecnico, anche banale. Capisco il ruolo dell\u2019opposizione ma da qui a insistere sulla richiesta di dimissioni per questo francamente \u00e8 ridicolo. L\u2019errore \u00e8 gi\u00e0 stato corretto e sanato, l\u2019assessore lo ha gi\u00e0 detto\u00bb.<\/p>\n<p>Il capogruppo di Forza Italia, Pietro Pittalis, ha preso la parola per dire: \u00abCi sono mille ragioni, non solo questa di\u00a0oggi, per chiedere le dimissioni dell\u2019assessore Paci. Tutti gli indicatori economici indicano un fallimento di questa giunta. Di cosa si lamenta una maggioranza come la vostra, divisa su tutto? Ve ne dovete tornare a casa e\u00a0oggi\u00a0abbiamo con la sentenza della Corte Costituzionale la certificazione del vostro fallimento. Dov\u2019\u00e8 la vostra etica se siete i primi a dire che\u00a0oggi\u00a0un assessore e\u00a0domani\u00a0un altro non lavorano bene? Quando questa legislatura \u00e8 partita avete promesso una nuova fase, di rispetto dei termini. Dov\u2019\u00e8 il cambiamento annunciato? Dove sono le vostre grandi rivoluzioni? Avete fallito su tutto, denunceremo anche l\u2019ambiguit\u00e0 di quanti dicono di essere usciti dalla maggioranza e poi votano con la maggioranza\u00bb.<\/p>\n<p>Rivolto al presidente Ganau, l\u2019oratore ha detto: \u00abNon \u00e8 solo la legge elettorale che ha necessit\u00e0 di essere accelerata, ma non va accelerata per creare situazioni di comodo a qualcuno. Se lo scordino quelli che stanno pensando a scorciatoie. E se l\u2019urgenza \u00e8 tale, siete gi\u00e0 pronti ad andare a casa? Bene, noi ci stiamo ma mandiamo a casa questa giunta. Intanto non voteremo la vostra richiesta di esercizio provvisorio: la responsabilit\u00e0 \u00e8 tutta vostra\u00bb.<\/p>\n<p>Per la Giunta ha preso la parola il vicepresidente, l\u2019assessore Paci, che ha detto: \u00abRibadisco in quest\u2019aula e fuori che la manovra 2016 \u00e8 pienamente legittima e ribadisco che se dovesse essere bocciata in sede di parifica mi dimetter\u00f2 immediatamente. La manovra 2016 non \u00e8 stata dichiarata illegittima: al punto 6) la sentenza dice che l\u2019illegittimit\u00e0 deve estendersi in via consequenziale all\u2019intera legge nelle parti in cui la manovra finanziaria applica il disavanzo tecnico. Non in tutta la legge: solo in quelle parti. Ho gi\u00e0 detto che riconosco l\u2019errore in quella posta tecnica e lo ho gi\u00e0 corretto: i fatti lo dimostreranno e il bilancio consuntivo della Regione sar\u00e0 tranquillamente parificato\u00bb.<\/p>\n<p>Sul bilancio provvisorio, Paci ha detto: \u00abNon ho difficolt\u00e0 a prevedere tre mesi di esercizio provvisorio, sapendo che non siamo i primi ad andare in esercizio provvisorio e sapendo anche che non useremo tutti i tre mesi\u00bb.<\/p>\n<p>Il presidente del Consiglio ha messo in votazione il passaggio agli articoli e successivamente gli articoli sono stati approvati, a cominciare dall\u2019articolo 1 con l\u2019emendamento orale del vicepresidente Paci che prevede tre mesi di esercizio provvisorio. Approvato anche l\u2019articolo 2 e la legge nel suo complesso.<\/p>\n<p>Anche l\u2019esercizio provvisorio del Consiglio regionale \u00e8 stato approvato con proroga sino al 31 marzo 2017. Anche per questa votazione, come per l\u2019esercizio provvisorio del bilancio della Regione, Pittalis ha annunciato \u201cil non voto per ragioni politiche da parte dell\u2019intera opposizione\u201d.<\/p>\n<p>Il capogruppo del Pd ha chiesto all\u2019opposizione il perch\u00e9 di questa scelta e Pittalis ha risposto: \u00abNon sono tenuto a darle spiegazioni ma ci sar\u00e0 un momento in cui ne parleremo in quest\u2019Aula, soprattutto il questore dell\u2019opposizione\u00bb.<\/p>\n<p>Pizzuto ha voluto ricordare Modesto Melis, \u201cuomo del mio territorio, sopravvissuto ai campi di concentramento nazisti, che ha dedicato i suoi anni a ricordare gli orrori dell\u2019Olocausto\u201d. L\u2019on. Pizzuto ha chiesto al presidente del Consiglio di valutare se organizzare nell\u2019atrio del Consiglio regionale una mostra \u201cin occasione della giornata della Shoa del 27 gennaio prossimo\u201d.<\/p>\n<p>A seguire Satta (Upc), ha illustrato la sua mozione 260 (a firma Satta, Ledda e pi\u00f9) sul prezzo del latte. \u00abSpiace parlare di questo problema con tre mesi di ritardo, visto che parliamo di un comparto che vale 40 mila addetti soprattutto concentrati nelle zone interne per le quali si dice che si vuol fare qualcosa, e non da\u00a0oggi. Il valore del latte\u00a0oggi\u00a0\u00e8 intorno a mezzo euro, praticamente dimezzato. Anche il prezzo della carne \u00e8 nettamente calato.\u00a0\u00a0Oggi non abbiamo nemmeno la certezza sull\u2019ente erogatore dei contributi, sui finanziamenti dei bandi del Psr. Chiare sono anche le responsabilit\u00e0 dell\u2019assessore sui mancati controlli: 280 mila quintali di pecorino romano erano stivate nei magazzini al 30 settembre, per effetto della mancata programmazione: un aumento del 40 per cento rispetto allo scorso anno. Noi favoriamo chi produce pecorino romano anche se il fabbisogno di pecorino romano \u00e8 sempre lo stesso\u00bb.<\/p>\n<p>L\u2019oratore ha chiesto all\u2019assessore Paci di affrontare i problemi del comparto, a cominciare dai rapporti tra il mondo agricolo e la Sfirs per quanto riguarda il tema del credito. \u00abE\u2019 necessario arginare il fenomeno momentaneo, per evitare si svendere il prodotto invenduto. Fenomeno che sta gi\u00e0 accadendo. E poi con il nuovo assessore all\u2019Agricoltura sar\u00e0 necessario limitare le produzioni del latte, anche fissando delle quote. Non \u00e8 accettabile che in due anni la produzione del latte sia raddoppiata, perch\u00e9 questo \u00e8 accaduto?\u00bb.<\/p>\n<p>Anche Ledda (La Base) ha presentato la sua interpellanza (264\/A): \u00abIn questo momento si parla della situazione catastrofica del latte ovino. Da tempo La Base propone il patto del latte per salvare il comparto e gi\u00e0 quattro anni fa il Consiglio approv\u00f2 l\u2019ordine del giorno a firma Arbau che prevedeva la costituzione di un\u2019organizzazione interprofessionale sul settore lattiero caseario.\u00a0Oggi\u00a0ripresentiamo la proposta di un prezzo politico, non inferiore agli 80 centesimi al litro e l\u2019acquisto delle scorte di pecorino romano, come misura immediata per fronteggiare il problema. Cominciando dalle coop pi\u00f9 in difficolt\u00e0\u00bb. Segue<\/p>\n","protected":false},"excerpt":{"rendered":"<p>&nbsp; Dopo Sabatini ha preso la parola Dedoni (Riformatori), che ha detto: \u00abGi\u00e0 lo scorso anno proposi alla Giunta di allungare i termini dell\u2019esercizio provvisorio&#8230;<\/p>\n","protected":false},"author":2,"featured_media":0,"comment_status":"closed","ping_status":"closed","sticky":false,"template":"","format":"standard","meta":[],"categories":[49,52],"tags":[],"_links":{"self":[{"href":"https:\/\/www.cronacaonline.it\/index.php\/wp-json\/wp\/v2\/posts\/137134"}],"collection":[{"href":"https:\/\/www.cronacaonline.it\/index.php\/wp-json\/wp\/v2\/posts"}],"about":[{"href":"https:\/\/www.cronacaonline.it\/index.php\/wp-json\/wp\/v2\/types\/post"}],"author":[{"embeddable":true,"href":"https:\/\/www.cronacaonline.it\/index.php\/wp-json\/wp\/v2\/users\/2"}],"replies":[{"embeddable":true,"href":"https:\/\/www.cronacaonline.it\/index.php\/wp-json\/wp\/v2\/comments?post=137134"}],"version-history":[{"count":0,"href":"https:\/\/www.cronacaonline.it\/index.php\/wp-json\/wp\/v2\/posts\/137134\/revisions"}],"wp:attachment":[{"href":"https:\/\/www.cronacaonline.it\/index.php\/wp-json\/wp\/v2\/media?parent=137134"}],"wp:term":[{"taxonomy":"category","embeddable":true,"href":"https:\/\/www.cronacaonline.it\/index.php\/wp-json\/wp\/v2\/categories?post=137134"},{"taxonomy":"post_tag","embeddable":true,"href":"https:\/\/www.cronacaonline.it\/index.php\/wp-json\/wp\/v2\/tags?post=137134"}],"curies":[{"name":"wp","href":"https:\/\/api.w.org\/{rel}","templated":true}]}}