{"id":135617,"date":"2016-11-27T08:49:18","date_gmt":"2016-11-27T07:49:18","guid":{"rendered":"http:\/\/www.cronacaonline.it\/public\/content\/?p=135617"},"modified":"2016-11-27T08:49:18","modified_gmt":"2016-11-27T07:49:18","slug":"e-morto-fidel-castro-e-con-lui-vanno-via-gli-ideali-rivoluzione-del-900-una-vita-da-lider-maximo-anti-usa","status":"publish","type":"post","link":"https:\/\/www.cronacaonline.it\/index.php\/2016\/11\/27\/e-morto-fidel-castro-e-con-lui-vanno-via-gli-ideali-rivoluzione-del-900-una-vita-da-lider-maximo-anti-usa\/","title":{"rendered":"\u00c8 morto Fidel Castro e con lui vanno via gli ideali rivoluzione del \u2019900. Una vita da &#8216;lider maximo&#8217; anti-Usa"},"content":{"rendered":"<p>Avana (Cuba), 27 Nov 2016 - Fidel\u00a0Castro \u00e8 morto. Ne ha dato notizia sulla tv di Stato il fratello Raul. Il corpo dell'ex presidente sar\u00e0 cremato, come nei suoi desideri, nelle prossime ore.\u00a0 Le autorit\u00e0 cubane hanno decretato nove giorni di lutto nazionale per la morte del padre della rivoluzione.\u00a0I funerali si terranno il 4 dicembre\u00a0nel cimitero di Santa Ifigenia, nella citt\u00e0 di Santiago de Cuba. Conosciuto anche come il Lider Maximo, eroe per la sinistra comunista nel mondo e dittatore sanguinario per i nemici, \u00e8 stato protagonista di una piccola isola caraibica per quasi sessant'anni, sulla scia della sua tenace battaglia contro la maggior potenza del mondo, gli Stati Uniti.<\/p>\n<p>Nato il 13 agosto 1926 a Biran, figlio dell'ex militare spagnolo Angel Castro e della cubana Lina Ruz, ha studiato prima nei collegi La Salle e Dolores di Santiago de Cuba, poi, dal 1941 al 1945, a L'Avana, nella prestigiosa scuola gesuita di Belen, periodo che incide fortemente nella sua formazione culturale, cos\u00ec come in quella del fratello, Raul. Qualche anno dopo la laurea in legge si candida alle presidenziali, progetto subito frustrato per il golpe del 10 marzo di Fulgencio Batista. La sua risposta \u00e8 l'assalto alla Caserma della Moncada, il 26 luglio 1953. Per Fidel fu un disastro: i ribelli vennero catturati e 80 di loro fucilati. Catro \u00e8 condannato a 15 anni di prigione e, nella sua difesa finale, pronuncia il famoso discorso su 'La storia mi assolver\u00e0', in cui delinea il suo sogno rivoluzionario. Dopo il carcere, amnistiato, va in esilio negli Usa, poi in Messico: \u00e8 qui che conosce Ernesto Guevara.<\/p>\n<p>Insieme al 'Che', Raul ed altri 79 volontari, nel 56 sbarca nell'isola a bordo del 'Granma'. Il gruppo, sorpreso dalle truppe di Batista, viene decimato: in 21 riescono a rifugiarsi nella Sierra Maestra. I due anni di guerriglia mettono alle corde il dittatore. Il 1\/o gennaio 1959, i 'barbudos' entrano trionfalmente a L'Avana. Castro lo fa qualche giorno dopo.<\/p>\n<p>Fino al trionfo della 'revolucion', l'isola viveva del commercio con Washington. Dopo la presa del potere di Fidel, il paese divenne un campo di battaglia della 'guerra fredda'. Cuba riesce comunque a resistere al duro embargo americano e ad un attacco militare, quello della 'Baia dei Porci', organizzato dalla Cia formato da cubani reclutati all'estero. E' poi stata al centro della crisi dei missili nel 1962, dove l'ostinazione castrista ha rischiato di trascinare il mondo nella III guerra mondiale. Forte di un inossidabile carisma e affascinante capacit\u00e0 oratoria, Fidel \u00e8 stato per decenni il 'nemico numero uno' di Washington: con il risultato che, mentre accresceva la sua dipendenza dall'Urss, appoggiava i movimenti marxisti e le guerriglie in America Latina ed in Africa, diventando tra i leader del movimento dei Paesi non Allineati. Nel frattempo, si sposa con Dalia Soto del Valle. Hanno cinque figli: Alexis, Alexander, Alejandro, Antonio e Angel.<\/p>\n<p>Il 'lider maximo', con una vita privata nella quale realt\u00e0 e mito s'intrecciano, \u00e8 'sopravvissuto' a dieci presidenti Usa e - ha pi\u00f9 volte ricordato - a 600 attentati. Perfino nel crepuscolo del suo mandato, Fidel e il sistema politico cubano sono riusciti nel bene e nel male a resistere alla disintegrazione socialista e al crollo dell'Urss nel '91.<\/p>\n<p>Per i cubani, Castro \u00e8 stato il 'Comandante', oppure semplicemente Fidel, sul quale sono state costruite tante 'storie': \"non dorme mai\", \"non scorda nulla\", \"\u00e8 capace di penetrarti con lo sguardo e sapere chi sei\", \"non commette sbagli\". Castro ha d'altro lato esibito una devozione per le cifre e dati, nascondendo caratteristiche come il pudore e lo scarso interesse, raro per un cubano, per la musica e il ballo. Ha sempre avuto una salute di ferro fino all'improvvisa e grave emorragia all'intestino avuta al rientro di un viaggio dall'Argentina poco prima di compiere 80 anni.<\/p>\n<p>Malato, dopo aver delegato il potere al fratello Raul - prima in modo provvisorio il 31 luglio 2006, poi definitivamente nel febbraio 2008 - ha cos\u00ec cominciato il conto alla rovescia verso la fine di una vita leggendaria. L'era di Fidel si scioglie lentamente, in mezzo a una nuova Cuba ogni volta pi\u00f9 'raulista', tra una serie di riforme economiche e la mano ferma del potere sul fronte politico: di sicuro una transizione, la cui portata \u00e8 per\u00f2 difficile da capire.<\/p>\n<p>La data chiave della nuova era \u00e8 il 17 dicembre 2014: quel giorno, a sorpresa e con la mediazione di Bergoglio, L'Avana e Washington annunciano il 'disgelo' bilaterale. Fidel assiste da lontano al 'deshielo', ogni tanto scrive qualcosa ribadendo concetti quali la 'sovranit\u00e0 nazionale' e il 'no all'impero'. Ma in sostanza a dettare il ritmo dei cambiamenti ormai \u00e8 Raul.<\/p>\n<p>'Ucciso' pi\u00f9 volte dalle reti sociali, e con lunghi periodi di assenza dal pubblico, i limiti al suo mandato Fidel li aveva fissati nel 2003, dirigendosi ai cubani: \"Rimarr\u00f2 con voi, se lo volete, finch\u00e9 avr\u00f2 la consapevolezza di potere essere utile, se prima non lo decide la stessa natura. N\u00e9 un minuto prima n\u00e9 un secondo dopo\".<\/p>\n","protected":false},"excerpt":{"rendered":"<p>Avana (Cuba), 27 Nov 2016 &#8211; Fidel\u00a0Castro \u00e8 morto. Ne ha dato notizia sulla tv di Stato il fratello Raul. Il corpo dell&#8217;ex presidente sar\u00e0&#8230;<\/p>\n","protected":false},"author":2,"featured_media":135589,"comment_status":"closed","ping_status":"closed","sticky":false,"template":"","format":"standard","meta":[],"categories":[49,50],"tags":[],"_links":{"self":[{"href":"https:\/\/www.cronacaonline.it\/index.php\/wp-json\/wp\/v2\/posts\/135617"}],"collection":[{"href":"https:\/\/www.cronacaonline.it\/index.php\/wp-json\/wp\/v2\/posts"}],"about":[{"href":"https:\/\/www.cronacaonline.it\/index.php\/wp-json\/wp\/v2\/types\/post"}],"author":[{"embeddable":true,"href":"https:\/\/www.cronacaonline.it\/index.php\/wp-json\/wp\/v2\/users\/2"}],"replies":[{"embeddable":true,"href":"https:\/\/www.cronacaonline.it\/index.php\/wp-json\/wp\/v2\/comments?post=135617"}],"version-history":[{"count":0,"href":"https:\/\/www.cronacaonline.it\/index.php\/wp-json\/wp\/v2\/posts\/135617\/revisions"}],"wp:featuredmedia":[{"embeddable":true,"href":"https:\/\/www.cronacaonline.it\/index.php\/wp-json\/wp\/v2\/media\/135589"}],"wp:attachment":[{"href":"https:\/\/www.cronacaonline.it\/index.php\/wp-json\/wp\/v2\/media?parent=135617"}],"wp:term":[{"taxonomy":"category","embeddable":true,"href":"https:\/\/www.cronacaonline.it\/index.php\/wp-json\/wp\/v2\/categories?post=135617"},{"taxonomy":"post_tag","embeddable":true,"href":"https:\/\/www.cronacaonline.it\/index.php\/wp-json\/wp\/v2\/tags?post=135617"}],"curies":[{"name":"wp","href":"https:\/\/api.w.org\/{rel}","templated":true}]}}