{"id":135404,"date":"2016-11-23T07:54:37","date_gmt":"2016-11-23T06:54:37","guid":{"rendered":"http:\/\/www.cronacaonline.it\/public\/content\/?p=135404"},"modified":"2016-11-23T07:54:37","modified_gmt":"2016-11-23T06:54:37","slug":"trump-apre-sul-clima-ce-un-legame-tra-riscaldamento-e-attivita-delluomo","status":"publish","type":"post","link":"https:\/\/www.cronacaonline.it\/index.php\/2016\/11\/23\/trump-apre-sul-clima-ce-un-legame-tra-riscaldamento-e-attivita-delluomo\/","title":{"rendered":"Trump &#8220;apre&#8221; sul clima: &#8220;C&#8217;\u00e8 un legame tra riscaldamento e attivit\u00e0 dell&#8217;uomo&#8221;"},"content":{"rendered":"<p>Donald Trump frena sullo stop alle misure per la lotta ai cambiamenti climatici e alla possibile 'uscita' degli Stati Uniti dall'accordo di Parigi. \"Penso che i cambiamenti climatici siano legati in qualche modo all'attivit\u00e0 degli uomini, c'\u00e8 una correlazione. Bisogna vedere quanto questo coster\u00e0 alle nostre imprese\", dice in una intervista al New York Times.\u00a0 Pi\u00f9 volte nel corso della campagna\u00a0elettorale, Trump aveva negato il riscaldamento globale, sostenendo\u00a0che fosse una teoria inventata ad arte dai cinesi. Il miliardario aveva\u00a0anche detto di voler rilanciare l'industria dei combustibili\u00a0fossili, in modo da creare migliaia di nuovi posti di lavoro\u00a0negli Stati Uniti.<\/p>\n<p>Il presidente eletto fa una sorta di marcia indietro anche sulla promessa, ripetuta pi\u00f9 volte in campagna elettorale, di una nuova inchiesta su Hillary Clinton sul caso email. \"Non voglio far del male ai Clinton. Non lo voglio davvero\", dice Trump, riferendosi anche parlando anche a una preannunciata inchiesta sulla Clinton Foundation. \"Ne ha passate tante - dice dell'ex First Lady - e ha sofferto molto in modi diversi\". E riaprire le inchieste come promesso in campagna elettorale \"non \u00e8 qualcosa che mi preoccupa particolarmente\".<\/p>\n<p>Trump ha difeso la nomina di Steve Bannon, esponente della destra\u00a0nazionalista estrema, a suo consigliere alla Casa Bianca. \"Se\u00a0pensassi che fosse un razzista o della alt-right o di come\u00a0possiamo chiamarlo (il movimento di nazionalisti bianchi)\u00a0non avrei neppure pensato ad assumerlo\", ha detto.<\/p>\n<p>L'incontro al New York Times, trasmesso in diretta su Twitter, \u00e8 avvenuto dopo una serie di smentite e di dietrofront da parte del presidente eletto che non ha mai nascosto il suo dissenso per il modo in cui, a suo dire, il giornale newyorkese ha coperto la sua campagna presidenziale. Ieri il miliardario ha avuto un incontro a porte chiuse con i principali network americani. Secondo alcune fonti, ha pi\u00f9 volte attaccato i media presenti, sostenendo che sin dall'inizio hanno detto cose false su di lui.<\/p>\n","protected":false},"excerpt":{"rendered":"<p>Donald Trump frena sullo stop alle misure per la lotta ai cambiamenti climatici e alla possibile &#8216;uscita&#8217; degli Stati Uniti dall&#8217;accordo di Parigi. &#8220;Penso che&#8230;<\/p>\n","protected":false},"author":2,"featured_media":135405,"comment_status":"closed","ping_status":"closed","sticky":false,"template":"","format":"standard","meta":[],"categories":[49,50],"tags":[],"_links":{"self":[{"href":"https:\/\/www.cronacaonline.it\/index.php\/wp-json\/wp\/v2\/posts\/135404"}],"collection":[{"href":"https:\/\/www.cronacaonline.it\/index.php\/wp-json\/wp\/v2\/posts"}],"about":[{"href":"https:\/\/www.cronacaonline.it\/index.php\/wp-json\/wp\/v2\/types\/post"}],"author":[{"embeddable":true,"href":"https:\/\/www.cronacaonline.it\/index.php\/wp-json\/wp\/v2\/users\/2"}],"replies":[{"embeddable":true,"href":"https:\/\/www.cronacaonline.it\/index.php\/wp-json\/wp\/v2\/comments?post=135404"}],"version-history":[{"count":0,"href":"https:\/\/www.cronacaonline.it\/index.php\/wp-json\/wp\/v2\/posts\/135404\/revisions"}],"wp:featuredmedia":[{"embeddable":true,"href":"https:\/\/www.cronacaonline.it\/index.php\/wp-json\/wp\/v2\/media\/135405"}],"wp:attachment":[{"href":"https:\/\/www.cronacaonline.it\/index.php\/wp-json\/wp\/v2\/media?parent=135404"}],"wp:term":[{"taxonomy":"category","embeddable":true,"href":"https:\/\/www.cronacaonline.it\/index.php\/wp-json\/wp\/v2\/categories?post=135404"},{"taxonomy":"post_tag","embeddable":true,"href":"https:\/\/www.cronacaonline.it\/index.php\/wp-json\/wp\/v2\/tags?post=135404"}],"curies":[{"name":"wp","href":"https:\/\/api.w.org\/{rel}","templated":true}]}}