{"id":134837,"date":"2016-11-10T13:36:35","date_gmt":"2016-11-10T12:36:35","guid":{"rendered":"http:\/\/www.cronacaonline.it\/public\/content\/?p=134837"},"modified":"2016-11-10T13:36:35","modified_gmt":"2016-11-10T12:36:35","slug":"nomade-bosniaca-indagata-per-furto-aggravato-dagli-agenti-della-polizia-di-stato-di-oristano","status":"publish","type":"post","link":"https:\/\/www.cronacaonline.it\/index.php\/2016\/11\/10\/nomade-bosniaca-indagata-per-furto-aggravato-dagli-agenti-della-polizia-di-stato-di-oristano\/","title":{"rendered":"Nomade bosniaca indagata per furto aggravato dagli agenti della Polizia di Stato di Oristano"},"content":{"rendered":"<p>Oristano, 10 Nov 2016 - Una nomade della Bosnia, H.S., di 29 anni, residente presso il campo nomadi di Porto Torres, \u00e8 stata indagata dalla Polizia di Stato di Oristano per il reato di \u201cFurto aggravato in concorso\u201d e \u201cViolazione della Sorveglianza Speciale\u201d.<\/p>\n<p>La zingara \u00e8 considerata essere la responsabile di numerosi furti commessi in Oristano nel periodo agosto-settembre 2016, in danno di persone anziane, prevalentemente donne, raccolte in preghiera presso le chiese cittadine.<\/p>\n<p>Determinante ai fini delle indagini \u00e8 stata la ricostruzione del furto avvenuto presso la Basilica \u201cMadonna del Rimedio\u201d di Oristano in cui H.S., in concorso con altra nomade in corso di identificazione, ha sottratto il portafoglio ad un\u2019anziana Signora e, non accontentandosi di asportare quanto di valore, ha ceduto alla tentazione di effettuare alcuni prelievi bancomat presso degli sportelli bancari videosorvegliati.<\/p>\n<p>Non \u00e8 stato facile per gli Investigatori della Polizia di Stato abbinare un nome ad un volto ma ci\u00f2 \u00e8 stato reso possibile grazie ad un meticoloso lavoro di screening effettuato su di un campione di nomadi gi\u00e0 resesi responsabili di analoghi reati.<\/p>\n<p>H.S., gi\u00e0 pregiudicata per reati specifici, che gli sono valsi anche la sottoposizione alla misura di prevenzione della \u201cSorveglianza Speciale\u201d, dovr\u00e0 nuovamente rispondere davanti al Giudice del reato di \u201cFurto aggravato in concorso\u201d contestatogli, nonch\u00e9 della violazione della citata misura preventiva.<\/p>\n","protected":false},"excerpt":{"rendered":"<p>Oristano, 10 Nov 2016 &#8211; Una nomade della Bosnia, H.S., di 29 anni, residente presso il campo nomadi di Porto Torres, \u00e8 stata indagata dalla&#8230;<\/p>\n","protected":false},"author":2,"featured_media":134838,"comment_status":"closed","ping_status":"closed","sticky":false,"template":"","format":"standard","meta":[],"categories":[49,55],"tags":[],"_links":{"self":[{"href":"https:\/\/www.cronacaonline.it\/index.php\/wp-json\/wp\/v2\/posts\/134837"}],"collection":[{"href":"https:\/\/www.cronacaonline.it\/index.php\/wp-json\/wp\/v2\/posts"}],"about":[{"href":"https:\/\/www.cronacaonline.it\/index.php\/wp-json\/wp\/v2\/types\/post"}],"author":[{"embeddable":true,"href":"https:\/\/www.cronacaonline.it\/index.php\/wp-json\/wp\/v2\/users\/2"}],"replies":[{"embeddable":true,"href":"https:\/\/www.cronacaonline.it\/index.php\/wp-json\/wp\/v2\/comments?post=134837"}],"version-history":[{"count":0,"href":"https:\/\/www.cronacaonline.it\/index.php\/wp-json\/wp\/v2\/posts\/134837\/revisions"}],"wp:featuredmedia":[{"embeddable":true,"href":"https:\/\/www.cronacaonline.it\/index.php\/wp-json\/wp\/v2\/media\/134838"}],"wp:attachment":[{"href":"https:\/\/www.cronacaonline.it\/index.php\/wp-json\/wp\/v2\/media?parent=134837"}],"wp:term":[{"taxonomy":"category","embeddable":true,"href":"https:\/\/www.cronacaonline.it\/index.php\/wp-json\/wp\/v2\/categories?post=134837"},{"taxonomy":"post_tag","embeddable":true,"href":"https:\/\/www.cronacaonline.it\/index.php\/wp-json\/wp\/v2\/tags?post=134837"}],"curies":[{"name":"wp","href":"https:\/\/api.w.org\/{rel}","templated":true}]}}