{"id":134448,"date":"2016-11-01T08:59:07","date_gmt":"2016-11-01T07:59:07","guid":{"rendered":"http:\/\/www.cronacaonline.it\/public\/content\/?p=134448"},"modified":"2016-11-01T08:59:07","modified_gmt":"2016-11-01T07:59:07","slug":"terremoto-gli-abitanti-di-norcia-chiedono-le-tende-renzi-container-entro-natale","status":"publish","type":"post","link":"https:\/\/www.cronacaonline.it\/index.php\/2016\/11\/01\/terremoto-gli-abitanti-di-norcia-chiedono-le-tende-renzi-container-entro-natale\/","title":{"rendered":"Terremoto, gli abitanti di Norcia chiedono le tende. Renzi: &#8220;Container entro Natale&#8221;"},"content":{"rendered":"<p>Norcia, 1 Nov 2016 - Dopo il devastante terremoto di 6.5 e le centinaia di repliche, a Norcia monta la protesta degli abitanti: \"Ridateci le tende\" \u00e8 la richiesta che arriva dalla maggior parte delle persone che hanno scelto di rimanere in citt\u00e0 pur avendo le case inagibili o non potendo rientrare per la paura o perch\u00e9 all'interno della zona rossa. La Regione assicura che saranno montate tensostrutture collettive. Intanto dal Consiglio dei ministri arrivano pi\u00f9 poteri per il capo della protezione civile e pi\u00f9 forze dell'ordine oltre che un decreto entro 72 ore. Il premier Matteo Renzi assicura \"container entro Natale e poi le casette di legno in sei-sette mesi.<\/p>\n<p>Alcune migliaia di nursini hanno deciso di rimanere: sono state allestite tre grandi tende comuni in grado di ospitare circa 300 persone. Nei pressi della tensostruttura utilizzata come mensa \u00e8 stato anche sistemato un autobus che pu\u00f2 accogliere 50 sfollati. Renzi \u00e8 contrario all'idea delle tendopoli: 'Non possiamo avere le tende per qualche mese in montagna, sotto la neve. Ci sono gli alberghi'. Sono quindicimila le persone assistite dalla Protezione civile. E ci sono anche oltre 3.000 persone fuori casa nel Teramano. \"La chiesa di San Benedetto a Norcia ritorner\u00e0 - ha specificato Renzi dopo il Cdm -. Tutti noi sappiamo che quei simboli del terremoto devono tornare, cos\u00ec come la chiesa di Assisi. Questo \u00e8 il punto chiave, i cittadini devono sentire lo Stato con loro\".<\/p>\n<p>Proseguono senza sosta le scosse di terremoto tra Marche, Umbria e Lazio. Con l'ultima replica di magnitudo 2.4, rilevata dall'Istituto nazionale di geofisica e vulcanologia in provincia di Macerata, sono 107 le scosse registrate dalla mezzanotte alle 6,39 nelle aree tra Rieti, Macerata, Perugia e Ascoli Piceno. Una scossa si \u00e8 registrata anche in mare. La sala sismica dell'Istituto nazionale di geofisica e vulcanologia ha infatti registrato un movimento tellurico, di magnitudo 2.4 nel Mar Ionio settentrionale, alle 5,32, ad una profondit\u00e0 di 36 chilometri.<\/p>\n<p>Il suolo \u00e8 sprofondato fino a 70 centimetri, dopo la terribile scossa di magnitudo 6,5 che alle 7.40 di domenica 30 ottobre ha colpito la zona di Norcia. A misurare l'impronta del sisma, il pi\u00f9 forte dal 1980, \u00e8 stato l'occhio del satellite Sentinel 1 dell'Agenzia Spaziale Europea (Esa) i cui dati preliminari sono stati elaborati dagli esperti dell'Istituto Nazionale di Geofisica e Vulcanologia (Ingv) e dell'Istituto per il rilevamento elettromagnetico dell'Ambiente (Irea) del Consiglio Nazionale delle Ricerche (Cnr). ''L'entit\u00e0 della deformazione non ci sorprende perch\u00e9 \u00e8 legata all'intensit\u00e0 del terremoto che l'ha generata'' all'ANSA Simone Atzori dell'Ingv. \u00c8 un abbassamento distribuito, ''che va da 0 centimetri fino ai 70 centimetri nella zona di Castelluccio, una frazione di Norcia''. Nelle prossime ore, ha aggiunto, quando avremo elaborato pi\u00f9 informazioni, e quando arriveranno anche le immagini dei satelliti Cosmo SkyMed, dell'Agenzia Spaziale Italiana (Asi), e del satellite giapponese Alos 2, si potr\u00e0 sapere qualcosa in pi\u00f9 anche sulla faglia che si \u00e8 rotta il 30 ottobre e ''se \u00e8 un prolungamento di quella che ha generato i terremoti del 24 agosto nel reatino e del 26 ottobre tra Perugia e Macerata''. Gli esperti infatti sono al lavoro anche per comprendere se dal 24 agosto a oggi si sono attivati vari segmenti della stessa faglia o segmenti di faglie molto vicine. Nel primo caso \u00e8 ''come un gessetto che si rompe in tanti pezzi,'', ha spiegato il sismologo Salvatore Mazza, dell'Ingv. Nel secondo caso, invece sono faglie molto vicine che vengono 'contagiate'. \u00c8 una sorta di effetto domino, ha detto l'esperto, ''dovuto allo sforzo che si redistribuisce sulle altre faglie e che pu\u00f2 indurre movimenti successivi''. Quando le faglie 'contagiate' riescono ad assorbire lo sforzo non si rompono, quando invece sono gi\u00e0 cariche di energia, e non riescono a farlo, si rompono. Per gli esperti dunque i tre terremoti sarebbero collegati fra loro e potrebbero far parte di un'unica sequenza iniziata il 24 agosto.<\/p>\n","protected":false},"excerpt":{"rendered":"<p>Norcia, 1 Nov 2016 &#8211; Dopo il devastante terremoto di 6.5 e le centinaia di repliche, a Norcia monta la protesta degli abitanti: &#8220;Ridateci le&#8230;<\/p>\n","protected":false},"author":2,"featured_media":134405,"comment_status":"closed","ping_status":"closed","sticky":false,"template":"","format":"standard","meta":[],"categories":[49,50],"tags":[],"_links":{"self":[{"href":"https:\/\/www.cronacaonline.it\/index.php\/wp-json\/wp\/v2\/posts\/134448"}],"collection":[{"href":"https:\/\/www.cronacaonline.it\/index.php\/wp-json\/wp\/v2\/posts"}],"about":[{"href":"https:\/\/www.cronacaonline.it\/index.php\/wp-json\/wp\/v2\/types\/post"}],"author":[{"embeddable":true,"href":"https:\/\/www.cronacaonline.it\/index.php\/wp-json\/wp\/v2\/users\/2"}],"replies":[{"embeddable":true,"href":"https:\/\/www.cronacaonline.it\/index.php\/wp-json\/wp\/v2\/comments?post=134448"}],"version-history":[{"count":0,"href":"https:\/\/www.cronacaonline.it\/index.php\/wp-json\/wp\/v2\/posts\/134448\/revisions"}],"wp:featuredmedia":[{"embeddable":true,"href":"https:\/\/www.cronacaonline.it\/index.php\/wp-json\/wp\/v2\/media\/134405"}],"wp:attachment":[{"href":"https:\/\/www.cronacaonline.it\/index.php\/wp-json\/wp\/v2\/media?parent=134448"}],"wp:term":[{"taxonomy":"category","embeddable":true,"href":"https:\/\/www.cronacaonline.it\/index.php\/wp-json\/wp\/v2\/categories?post=134448"},{"taxonomy":"post_tag","embeddable":true,"href":"https:\/\/www.cronacaonline.it\/index.php\/wp-json\/wp\/v2\/tags?post=134448"}],"curies":[{"name":"wp","href":"https:\/\/api.w.org\/{rel}","templated":true}]}}