{"id":133757,"date":"2016-10-17T08:56:53","date_gmt":"2016-10-17T06:56:53","guid":{"rendered":"http:\/\/www.cronacaonline.it\/public\/content\/?p=133757"},"modified":"2016-10-17T08:56:53","modified_gmt":"2016-10-17T06:56:53","slug":"al-via-la-riconquista-di-mosul-il-governo-iracheno-ordina-lattacco-decisivo-al-califfato","status":"publish","type":"post","link":"https:\/\/www.cronacaonline.it\/index.php\/2016\/10\/17\/al-via-la-riconquista-di-mosul-il-governo-iracheno-ordina-lattacco-decisivo-al-califfato\/","title":{"rendered":"Al via la riconquista di Mosul: il governo iracheno ordina l&#8217;attacco decisivo al Califfato"},"content":{"rendered":"<p><strong>Bagdad, 17 Ott 2016 - <\/strong>Il primo ministro iracheno Haider al-Abadi ha annunciato l'inizio delle operazioni militari per liberare Mosul, nel nord, dal dominio dell'isis, lanciando l'Iraq nella sua pi\u00f9 dura battaglia dal ritiro delle truppe statunitensi nel 2011.<br \/>\nLa tv di stato ha diffuso nelle prime ore del mattino un breve discorso nel quale Abadi ha annunciato il via all'intervento largamente anticipato nei giorni scorsi, per liberare la seconda citt\u00e0 del paese dallo stato islamico.<br \/>\nL'emittente ha mostrato il premier vestito nell'uniforme delle forze di elite anti-terrorismo, ai microfoni fiancheggiato dagli alti ufficiali militari.<br \/>\n\"Queste forze che vi stanno liberando oggi hanno un obiettivo a mosul, che \u00e8 quello di cacciare daesh e assicurare la vostra dignit\u00e0. Sono l\u00ec per amore di voi\" ha detto agli abitanti di Mosul, usando alternativamente il nome Isis o daesh per i militanti del sedicente stato islamico. \"Dio volendo, vinceremo\", ha aggiunto.<\/p>\n<p>I tonfi di sporadici colpi d'artiglieria sono echeggiati attraverso le pianure ondulate di Nineveh, secondo quanto hanno riferito alcuni testimoni. La tv di stato ha trasmesso musiche patriottiche nel giro di alcuni minuti dopo l'annuncio del via all'attacco.<\/p>\n<p>L'offensiva per riconquistare mosul, se coronata da successo, sar\u00e0 il pi\u00f9 duro colpo inferto finora all'Isis. In una dichiarazione sul suo sito internet al-Abadi ha promesso che la battaglia per Mosul segner\u00e0 una nuova fase, che condurr\u00e0 alla liberazione di tutti i territori iracheni dal controllo dei militanti dell'Isis entro la fine dell'anno.<br \/>\nLe forze irachene sono state ammassate intorno a Mosul nei giorni scorsi. Comprendono elementi delle forze speciali d'elite, che dovrebbero guidare la carica nella citt\u00e0 stessa.<br \/>\nMosul ha pi\u00f9 di un milione di abitanti. \u00c8 caduta sotto il dominio dell'Isis durante un blitz nel giugno 2014 che ha lasciato circa un terzo dell'Iraq nelle mani dello stato islamico e ha fatto precipitare il paese nella sua crisi pi\u00f9 dura dai tempi dell'operazione 'iraqi freedom', cominciata il 20 marzo 2003 con l'attacco della coalizione guidata da Stati Uniti e Gran Bretagna per liberare il paese dal regime di Saddam Hussein.<br \/>\nDopo aver conquistato\u00a0 Mosul, il leader dell'Isis Abu Bakr al-Baghdadi era entrato in citt\u00e0 e aveva instaurato un califfato islamico che ad un certo punto copriva quasi un terzo dell'Iraq e della Siria. Ma fin dagli ultimi mesi dello scorso anno, i militanti dello stato islamico hanno perso battaglie in Iraq e le aree controllate nel paese si sono ristrette a Mosul e ad alcune piccole citt\u00e0 nel nord e nell'ovest.<\/p>\n","protected":false},"excerpt":{"rendered":"<p>Bagdad, 17 Ott 2016 &#8211; Il primo ministro iracheno Haider al-Abadi ha annunciato l&#8217;inizio delle operazioni militari per liberare Mosul, nel nord, dal dominio dell&#8217;isis,&#8230;<\/p>\n","protected":false},"author":2,"featured_media":133758,"comment_status":"closed","ping_status":"closed","sticky":false,"template":"","format":"standard","meta":[],"categories":[49,50],"tags":[],"_links":{"self":[{"href":"https:\/\/www.cronacaonline.it\/index.php\/wp-json\/wp\/v2\/posts\/133757"}],"collection":[{"href":"https:\/\/www.cronacaonline.it\/index.php\/wp-json\/wp\/v2\/posts"}],"about":[{"href":"https:\/\/www.cronacaonline.it\/index.php\/wp-json\/wp\/v2\/types\/post"}],"author":[{"embeddable":true,"href":"https:\/\/www.cronacaonline.it\/index.php\/wp-json\/wp\/v2\/users\/2"}],"replies":[{"embeddable":true,"href":"https:\/\/www.cronacaonline.it\/index.php\/wp-json\/wp\/v2\/comments?post=133757"}],"version-history":[{"count":0,"href":"https:\/\/www.cronacaonline.it\/index.php\/wp-json\/wp\/v2\/posts\/133757\/revisions"}],"wp:featuredmedia":[{"embeddable":true,"href":"https:\/\/www.cronacaonline.it\/index.php\/wp-json\/wp\/v2\/media\/133758"}],"wp:attachment":[{"href":"https:\/\/www.cronacaonline.it\/index.php\/wp-json\/wp\/v2\/media?parent=133757"}],"wp:term":[{"taxonomy":"category","embeddable":true,"href":"https:\/\/www.cronacaonline.it\/index.php\/wp-json\/wp\/v2\/categories?post=133757"},{"taxonomy":"post_tag","embeddable":true,"href":"https:\/\/www.cronacaonline.it\/index.php\/wp-json\/wp\/v2\/tags?post=133757"}],"curies":[{"name":"wp","href":"https:\/\/api.w.org\/{rel}","templated":true}]}}