{"id":133734,"date":"2016-10-16T09:49:31","date_gmt":"2016-10-16T07:49:31","guid":{"rendered":"http:\/\/www.cronacaonline.it\/public\/content\/?p=133734"},"modified":"2016-10-16T09:49:31","modified_gmt":"2016-10-16T07:49:31","slug":"il-governo-vara-la-manovra-elettorale-per-il-si-due-miliardi-in-piu-per-la-sanita-e-addio-a-equitalia","status":"publish","type":"post","link":"https:\/\/www.cronacaonline.it\/index.php\/2016\/10\/16\/il-governo-vara-la-manovra-elettorale-per-il-si-due-miliardi-in-piu-per-la-sanita-e-addio-a-equitalia\/","title":{"rendered":"Il governo vara la Manovra (elettorale per il SI): due miliardi in pi\u00f9 per la Sanit\u00e0 e addio a Equitalia"},"content":{"rendered":"<p>Roma, 16 Ott 2016 - Il Consiglio dei ministri ha varato la legge di Bilancio, ovvero la manovra economica per il 2017, che lievita a 26,5\u00a0miliardi.\u00a0La cifra precedente era di 24,5 miliardi. Ad annunciarlo, in conferenza stampa, sono il premier Matteo Renzi e il ministro dell'Economia, Pier Carlo Padoan.<\/p>\n<p>Oltre alla legge di bilancio abbiamo\u00a0approvato \"un dl che interviene sui fondi 2016, il famoso fondo\u00a0della presidenza e interviene sull'obiettivo del governo di\u00a0chiudere la parentesi di Equitalia aprendo un capitolo nuovo\", ha detto Renzi, sebbene questo non comporti\u00a0\"la rottamazione delle cartelle\" ma la fine degli\u00a0interessi esorbitanti e delle more.\u00a0Il governo chiude Equitalia \"per\u00a0superare il modo attuale di rapportarsi col cittadino\" che \u00e8\u00a0stato spesso \"vessatorio\".\u00a0Equitalia, ha spiegato Renzi, confluir\u00e0 nell'Agenzia delle\u00a0Entrate ma \"sar\u00e0 un processo complesso che richieder\u00e0 circa sei\u00a0mesi\".<\/p>\n<p>Questo governo \"non ha mai tagliato\u00a0la sanit\u00e0 e ora ha 2 miliardi in pi\u00f9\" e quel miliardo che \"per\u00a0alcuni sembrava ballerino\" servir\u00e0 \"per i farmaci oncologici,\u00a0per l'epatite C\" per i vaccini e per le nuove stabilizzazioni di\u00a0medici e intermedi, spiega il premier,\u00a0illustrando le misure sulla sanit\u00e0 anche con\u00a0le slide.\u00a0\u00a0I 113 miliardi di euro per la Sanit\u00e0\u00a0nel 2017 andranno anche alla stabilizzazione di medici e\u00a0infermieri, aggiunge.\u00a0\"Il fondo per la sanit\u00e0 era di 111 miliardi\u00a0l'anno scorso, oggi \u00e8 di 113 miliardi. Oggi ho letto 'stretta\u00a0sulla sanit\u00e0', abbiamo un concetto diverso di stretta: questa \u00e8\u00a0larga, non stretta<strong>\". <\/strong><\/p>\n<p>Previsti 7 miliardi di euro in tre\u00a0anni per la quattordicesima alle pensioni pi\u00f9 basse e per\u00a0l'anticipo pensionistico. \"Si era parlato di sei miliardi ed invece sono sette\", dice Renzi,\u00a0\"distribuiti in tre anni: 1,9 nel 2017, 2,5 nel 2018 e 2,6 nel\u00a02019\".<\/p>\n<p>Nella manovra c'\u00e8 \"un miliardo in pi\u00f9\u00a0su scuola e universit\u00e0, non solo per i decreti legislativi per\u00a0la buona scuola\" ma anche per un \"intervento per le scuole non\u00a0statali, per le materne paritarie\" e per quelle che \"hanno\u00a0insegnanti di sostegno e che hanno numero di disabili\u00a0rilevante\". Matteo Renzi sottolinea\u00a0che si tratta di scuole che \"fanno un servizio\" e\u00a0auspica \"che non vi siano polemiche ideologiche\".<\/p>\n<p>La manovra per il 2017 \u00e8 fatta \"di 6\u00a0capitoli, il pi\u00f9 importante \u00e8 la competitivit\u00e0\" sulla quale ci\u00a0sono \"20 miliardi in pi\u00f9 anni\", aggiunge il premier al\u00a0termine del Cdm che ha varato la legge di Bilancio, citando gli\u00a0interventi per Industria 4.0 e il super ammortamento.<\/p>\n<p>Nella manovra 2017 ci sono 600\u00a0milioni sulla famiglia \"con misure del ministro Costa. E' un\u00a0piccolo segnale verso un grande investimento sulla famiglia e\u00a0sui figli che faremo nel 2018 con la modifica dell'Irpef\", annuncia\u00a0Renzi.<\/p>\n<p>Poi aggiunge: \"1,9 miliardi per il rinnovo dei\u00a0contratti nel pubblico impiego, per le forze armate, la polizia\u00a0e le nuove assunzioni\".<\/p>\n<p>Gli investimenti pubblici saranno pari\u00a0a 12 miliardi di euro nei prossimi tre anni, ha spiegato Renzi.\u00a0Gli investimenti saranno scaglionati in 2 miliardi nel 2017, 4\u00a0miliardi nel 2018 e 6 miliardi nel 2019.<\/p>\n<p>La manovra 2017 potr\u00e0 contare su 2\u00a0miliardi in arrivo dalla voluntary disclosure, annuncia il premier, anche se la cifra \u00e8, a\u00a0suo parere, \"sottostimata\". Si tratta, aggiunge, di \"un\u00a0intervento che non ha alcun elemento nemmeno lontanamente\u00a0assimilabile a un condono\".<\/p>\n<p>Il rapporto deficit\/Pil si attester\u00e0\u00a0nel 2017 al 2,3%. Lo si evince dalle slide illustrate da Matteo<br \/>\nRenzi a Palazzo Chigi. Il dato,\u00a0che sar\u00e0 inserito nel Documento programmatico di Bilancio,\u00a0\u00e8 rivisto al rialzo rispetto al 2% della Nota\u00a0al Def. La crescita del Pil rimane all'1%.<\/p>\n<p>L'Ires scende dal 27,5% al 24% e nasce\u00a0l'Iri, (l'imposta sul reddito dell'imprenditore) con una aliquota\u00a0semplificata al 24% per profitti di artigiani e titolari di Pmi. Inoltre viene\u00a0cancellata l'Irpef agricola.<\/p>\n<p>Renzi annuncia anche la riduzione del canone Rai. \"Abbiamo fatto anche alcune piccole\u00a0cose. Il canone Rai era a 113 euro, \u00e8 passato a 100 euro\u00a0quest'anno e passa a 90 il prossimo anno\".<\/p>\n<p>\"Cosa accadr\u00e0 lo scopriremo solo vivendo\".\u00a0Matteo Renzi ha chiuso con una battuta la parentesi sul referendum\u00a0aperta nel corso della conferenza stampa di illustrazione della\u00a0manovra.\u00a0\"Questa \u00e8 una legge di Stabilit\u00e0 per l'Italia e per gli italiani - ha\u00a0spiegato il premier-. Poi penso che ci siano tanti anti-renziani,\u00a0tanti avversari del governo, che oggi possono dire di essere contenti\u00a0perch\u00e9 c'\u00e8 qualcosa in pi\u00f9 per loro\".<\/p>\n<p>\u201cPasso dopo passo\", dice Renzi, \"sta\u00a0arrivando chiara la nostra idea del futuro di questo Paese, un<br \/>\npezzettino alla volta. L'Italia non va ancora bene\", riconosce, \"ma dopo un anno e mezzo va meglio di prima\". Tanto che la\u00a0crescita del Pil nel 2017, stimata all'un per cento, potrebbe\u00a0essere superiore, \"all'uno e uno o all'uno e due per cento\".<\/p>\n<p>\"Sono previsti pi\u00f9 investimenti per\u00a0gli Istituti tecnici superiori che offrono sbocchi reali nel\u00a0mondo del lavoro e decontribuzioni per le aziende che assumono i\u00a0neo diplomati che hanno fatto alternanza scuola-lavoro\", dichiara il ministro dell'Istruzione, Stefania Giannini,\u00a0spiegando i contenuti della legge di bilancio che prevede anche\u00a0uno stanziamento per l'organico della scuola e risorse per la\u00a0copertura delle deleghe della Buona Scuola.<\/p>\n","protected":false},"excerpt":{"rendered":"<p>Roma, 16 Ott 2016 &#8211; Il Consiglio dei ministri ha varato la legge di Bilancio, ovvero la manovra economica per il 2017, che lievita a&#8230;<\/p>\n","protected":false},"author":2,"featured_media":79675,"comment_status":"closed","ping_status":"closed","sticky":false,"template":"","format":"standard","meta":[],"categories":[49,50],"tags":[],"_links":{"self":[{"href":"https:\/\/www.cronacaonline.it\/index.php\/wp-json\/wp\/v2\/posts\/133734"}],"collection":[{"href":"https:\/\/www.cronacaonline.it\/index.php\/wp-json\/wp\/v2\/posts"}],"about":[{"href":"https:\/\/www.cronacaonline.it\/index.php\/wp-json\/wp\/v2\/types\/post"}],"author":[{"embeddable":true,"href":"https:\/\/www.cronacaonline.it\/index.php\/wp-json\/wp\/v2\/users\/2"}],"replies":[{"embeddable":true,"href":"https:\/\/www.cronacaonline.it\/index.php\/wp-json\/wp\/v2\/comments?post=133734"}],"version-history":[{"count":0,"href":"https:\/\/www.cronacaonline.it\/index.php\/wp-json\/wp\/v2\/posts\/133734\/revisions"}],"wp:featuredmedia":[{"embeddable":true,"href":"https:\/\/www.cronacaonline.it\/index.php\/wp-json\/"}],"wp:attachment":[{"href":"https:\/\/www.cronacaonline.it\/index.php\/wp-json\/wp\/v2\/media?parent=133734"}],"wp:term":[{"taxonomy":"category","embeddable":true,"href":"https:\/\/www.cronacaonline.it\/index.php\/wp-json\/wp\/v2\/categories?post=133734"},{"taxonomy":"post_tag","embeddable":true,"href":"https:\/\/www.cronacaonline.it\/index.php\/wp-json\/wp\/v2\/tags?post=133734"}],"curies":[{"name":"wp","href":"https:\/\/api.w.org\/{rel}","templated":true}]}}