{"id":133719,"date":"2016-10-15T15:19:26","date_gmt":"2016-10-15T13:19:26","guid":{"rendered":"http:\/\/www.cronacaonline.it\/public\/content\/?p=133719"},"modified":"2016-10-15T15:19:26","modified_gmt":"2016-10-15T13:19:26","slug":"politiche-sociali-assessore-arru-scrive-ai-sindaci-risorse-necessarie-arrivano-con-assestamento","status":"publish","type":"post","link":"https:\/\/www.cronacaonline.it\/index.php\/2016\/10\/15\/politiche-sociali-assessore-arru-scrive-ai-sindaci-risorse-necessarie-arrivano-con-assestamento\/","title":{"rendered":"Politiche sociali, Assessore Arru scrive ai sindaci: risorse necessarie arrivano con assestamento"},"content":{"rendered":"<p>Cagliari, 15 Ott 2016\u00a0\u2013 Con una lettera, che verr\u00e0 inviata nelle prossime ore ai Sindaci sardi, l\u2019assessore della Sanit\u00e0, Luigi Arru, assicura il reperimento \u201cdelle risorse necessarie alla copertura del fabbisogno\u201d per le politiche sociali.<\/p>\n<p>\"Per la Giunta e la maggioranza, sottolinea l\u2019esponente dell\u2019esecutivo, le famiglie e le persone fragili della societ\u00e0 rappresentano una priorit\u00e0: per questo viene assicurato il massimo impegno per dare risposte ai bisogni di presa in carico e assistenza, rappresentati attraverso le richieste dei Comuni.<\/p>\n<p>Le somme necessarie a dare copertura agli interventi sociali, con particolare riguardo alle cosiddette leggi di settore, saranno perci\u00f2 reperite con un assestamento di bilancio, cos\u00ec come le risorse per le prime annualit\u00e0 di tutti i progetti \u201cRitornare a casa\u201d, gi\u00e0 pervenuti alle Politiche sociali. In un quadro di crisi crescente, conclude Arru, non viene meno, per la Giunta e il centrosinistra, l\u2019attenzione e il massimo sforzo per le persone deboli e con bisogni certificati\".<\/p>\n","protected":false},"excerpt":{"rendered":"<p>Cagliari, 15 Ott 2016\u00a0\u2013 Con una lettera, che verr\u00e0 inviata nelle prossime ore ai Sindaci sardi, l\u2019assessore della Sanit\u00e0, Luigi Arru, assicura il reperimento \u201cdelle&#8230;<\/p>\n","protected":false},"author":2,"featured_media":116066,"comment_status":"closed","ping_status":"closed","sticky":false,"template":"","format":"standard","meta":[],"categories":[49,52],"tags":[],"_links":{"self":[{"href":"https:\/\/www.cronacaonline.it\/index.php\/wp-json\/wp\/v2\/posts\/133719"}],"collection":[{"href":"https:\/\/www.cronacaonline.it\/index.php\/wp-json\/wp\/v2\/posts"}],"about":[{"href":"https:\/\/www.cronacaonline.it\/index.php\/wp-json\/wp\/v2\/types\/post"}],"author":[{"embeddable":true,"href":"https:\/\/www.cronacaonline.it\/index.php\/wp-json\/wp\/v2\/users\/2"}],"replies":[{"embeddable":true,"href":"https:\/\/www.cronacaonline.it\/index.php\/wp-json\/wp\/v2\/comments?post=133719"}],"version-history":[{"count":0,"href":"https:\/\/www.cronacaonline.it\/index.php\/wp-json\/wp\/v2\/posts\/133719\/revisions"}],"wp:featuredmedia":[{"embeddable":true,"href":"https:\/\/www.cronacaonline.it\/index.php\/wp-json\/"}],"wp:attachment":[{"href":"https:\/\/www.cronacaonline.it\/index.php\/wp-json\/wp\/v2\/media?parent=133719"}],"wp:term":[{"taxonomy":"category","embeddable":true,"href":"https:\/\/www.cronacaonline.it\/index.php\/wp-json\/wp\/v2\/categories?post=133719"},{"taxonomy":"post_tag","embeddable":true,"href":"https:\/\/www.cronacaonline.it\/index.php\/wp-json\/wp\/v2\/tags?post=133719"}],"curies":[{"name":"wp","href":"https:\/\/api.w.org\/{rel}","templated":true}]}}