{"id":133717,"date":"2016-10-15T13:51:00","date_gmt":"2016-10-15T11:51:00","guid":{"rendered":"http:\/\/www.cronacaonline.it\/public\/content\/?p=133717"},"modified":"2016-10-15T13:51:00","modified_gmt":"2016-10-15T11:51:00","slug":"acquisti-verdi-assessore-spano-in-regione-siamo-al-92-ora-nuovo-piano-regionale-e-rete-a-livello-nazionale","status":"publish","type":"post","link":"https:\/\/www.cronacaonline.it\/index.php\/2016\/10\/15\/acquisti-verdi-assessore-spano-in-regione-siamo-al-92-ora-nuovo-piano-regionale-e-rete-a-livello-nazionale\/","title":{"rendered":"Acquisti verdi, Assessore Spano: in regione siamo al 92%. Ora nuovo piano regionale e rete a livello nazionale"},"content":{"rendered":"<p>Cagliari, 15 ottobre 2016 -\u00a0\"La Sardegna continua a distinguersi per la promozione della sostenibilit\u00e0 ambientale attraverso gli acquisti pubblici. \u00c8 necessario fare rete per incentivare su tutto il territorio nazionale il cambiamento in atto. Nel mio ruolo di coordinatrice della Commissione Ambiente ed Energia nella Conferenza Stato Regioni, mi impegno a portare anche in quella sede l\u2019attenzione di tutte le Regioni su questi temi\". Lo ha detto\u00a0l'assessora della Difesa dell'Ambiente Donatella Spano nel messaggio che ha inviato, ieri, alla due giorni di Roma del Forum Compraverde\u00a0che, per il decimo anno, ha riunito la pi\u00f9 importante comunit\u00e0 di esperti di Green Public Procurement (GPP, ossia gli acquisti verdi), di imprese innovative e virtuose, le migliori pratiche delle pubbliche amministrazioni.<\/p>\n<p>L'Isola dice s\u00ec alla cultura della sostenibilit\u00e0 e le cifre sono in crescita anche grazie alla diffusione della cultura del 'comprare verde' operata dalla Regione. Il 52 per cento delle Amministrazioni comunali ha partecipato infatti alle iniziative del Programma Sardegna Compraverde e il 22 per cento dei Comuni effettua acquisti verdi. \"Registriamo numeri sempre pi\u00f9 importanti anche nell'Amministrazione regionale: Il 92 per cento degli acquisti di beni e servizi su cui esistono criteri ambientali ministeriali sono verdi. Adesso stiamo lavorando alla redazione del nuovo piano d'azione GPP regionale seguendo un approccio GPP, oltre che negli appalti, in tutti i comparti regionali e nella nuova programmazione europea 2014-2020\", ha sottolineato l'esponente della Giunta Pigliaru.<\/p>\n<p>L'iniziativa del Forum Compra Verde, che ha scambiato le migliori pratiche in Italia sul tema del GPP, \u00e8 organizzata dalla Fondazione Ecosistemi e dal Coordinamento Agende 21 Locali in collaborazione con il Ministero dell\u2019Ambiente, Unioncamere e ICLEI.\u00a0Nel corso della manifestazione vengono attribuiti cinque prestigiosi premi nazionali. Quest\u2019anno due Comuni sardi, Giba e Samassi, si sono aggiudicati pari merito il premio 'Mensa verde'. Nella sezione materiali locali e rinnovabili, il premio 'Edilizia Verde' \u00e8 stato conferito alle Filiere sarde Edizero Architecture of Peace. Il premio 'Cultura verde' \u00e8 andato all'Universit\u00e0 degli Studi di Cagliari.<br \/>\nA pari merito, la Provincia Sud Sardegna e l'agenzia Laore hanno ricevuto la menzione speciale nella categoria 'Miglior politica GPP'.<\/p>\n","protected":false},"excerpt":{"rendered":"<p>Cagliari, 15 ottobre 2016 &#8211;\u00a0&#8220;La Sardegna continua a distinguersi per la promozione della sostenibilit\u00e0 ambientale attraverso gli acquisti pubblici. \u00c8 necessario fare rete per incentivare&#8230;<\/p>\n","protected":false},"author":2,"featured_media":132325,"comment_status":"closed","ping_status":"closed","sticky":false,"template":"","format":"standard","meta":[],"categories":[49,52],"tags":[],"_links":{"self":[{"href":"https:\/\/www.cronacaonline.it\/index.php\/wp-json\/wp\/v2\/posts\/133717"}],"collection":[{"href":"https:\/\/www.cronacaonline.it\/index.php\/wp-json\/wp\/v2\/posts"}],"about":[{"href":"https:\/\/www.cronacaonline.it\/index.php\/wp-json\/wp\/v2\/types\/post"}],"author":[{"embeddable":true,"href":"https:\/\/www.cronacaonline.it\/index.php\/wp-json\/wp\/v2\/users\/2"}],"replies":[{"embeddable":true,"href":"https:\/\/www.cronacaonline.it\/index.php\/wp-json\/wp\/v2\/comments?post=133717"}],"version-history":[{"count":0,"href":"https:\/\/www.cronacaonline.it\/index.php\/wp-json\/wp\/v2\/posts\/133717\/revisions"}],"wp:featuredmedia":[{"embeddable":true,"href":"https:\/\/www.cronacaonline.it\/index.php\/wp-json\/wp\/v2\/media\/132325"}],"wp:attachment":[{"href":"https:\/\/www.cronacaonline.it\/index.php\/wp-json\/wp\/v2\/media?parent=133717"}],"wp:term":[{"taxonomy":"category","embeddable":true,"href":"https:\/\/www.cronacaonline.it\/index.php\/wp-json\/wp\/v2\/categories?post=133717"},{"taxonomy":"post_tag","embeddable":true,"href":"https:\/\/www.cronacaonline.it\/index.php\/wp-json\/wp\/v2\/tags?post=133717"}],"curies":[{"name":"wp","href":"https:\/\/api.w.org\/{rel}","templated":true}]}}