{"id":133711,"date":"2016-10-15T13:44:50","date_gmt":"2016-10-15T11:44:50","guid":{"rendered":"http:\/\/www.cronacaonline.it\/public\/content\/?p=133711"},"modified":"2016-10-15T13:44:50","modified_gmt":"2016-10-15T11:44:50","slug":"133711","status":"publish","type":"post","link":"https:\/\/www.cronacaonline.it\/index.php\/2016\/10\/15\/133711\/","title":{"rendered":"Sanit\u00e0, luned\u00ec a Sassari insediamento e presentazione di Fulvio Moirano"},"content":{"rendered":"<p>Cagliari, 15 Ott 2016\u00a0- Luned\u00ec 17 ottobre, alle 11, nella sede della Asl di Sassari in via Catalocchino 11, l'assessore della Sanit\u00e0, Luigi Arru, presenter\u00e0 alla stampa il nuovo direttore dell'Azienda sassarese, Fulvio Moirano, e il dg dell'Azienda ospedaliero-universitaria Antonio D'Urso.<\/p>\n<p>Saranno presenti il Rettore dell'Universit\u00e0 di Sassari, Massimo Carpinelli, il direttore generale dell'Assessorato della Sanit\u00e0, Giuseppe Sechi, i commissari uscenti delle aziende sassaresi, Giuseppe Pintor e Agostino Sussarellu.<\/p>\n","protected":false},"excerpt":{"rendered":"<p>Cagliari, 15 Ott 2016\u00a0&#8211; Luned\u00ec 17 ottobre, alle 11, nella sede della Asl di Sassari in via Catalocchino 11, l&#8217;assessore della Sanit\u00e0, Luigi Arru, presenter\u00e0&#8230;<\/p>\n","protected":false},"author":2,"featured_media":132577,"comment_status":"closed","ping_status":"closed","sticky":false,"template":"","format":"standard","meta":[],"categories":[49,52],"tags":[],"_links":{"self":[{"href":"https:\/\/www.cronacaonline.it\/index.php\/wp-json\/wp\/v2\/posts\/133711"}],"collection":[{"href":"https:\/\/www.cronacaonline.it\/index.php\/wp-json\/wp\/v2\/posts"}],"about":[{"href":"https:\/\/www.cronacaonline.it\/index.php\/wp-json\/wp\/v2\/types\/post"}],"author":[{"embeddable":true,"href":"https:\/\/www.cronacaonline.it\/index.php\/wp-json\/wp\/v2\/users\/2"}],"replies":[{"embeddable":true,"href":"https:\/\/www.cronacaonline.it\/index.php\/wp-json\/wp\/v2\/comments?post=133711"}],"version-history":[{"count":0,"href":"https:\/\/www.cronacaonline.it\/index.php\/wp-json\/wp\/v2\/posts\/133711\/revisions"}],"wp:featuredmedia":[{"embeddable":true,"href":"https:\/\/www.cronacaonline.it\/index.php\/wp-json\/wp\/v2\/media\/132577"}],"wp:attachment":[{"href":"https:\/\/www.cronacaonline.it\/index.php\/wp-json\/wp\/v2\/media?parent=133711"}],"wp:term":[{"taxonomy":"category","embeddable":true,"href":"https:\/\/www.cronacaonline.it\/index.php\/wp-json\/wp\/v2\/categories?post=133711"},{"taxonomy":"post_tag","embeddable":true,"href":"https:\/\/www.cronacaonline.it\/index.php\/wp-json\/wp\/v2\/tags?post=133711"}],"curies":[{"name":"wp","href":"https:\/\/api.w.org\/{rel}","templated":true}]}}