{"id":133690,"date":"2016-10-15T10:23:07","date_gmt":"2016-10-15T08:23:07","guid":{"rendered":"http:\/\/www.cronacaonline.it\/public\/content\/?p=133690"},"modified":"2016-10-15T10:23:07","modified_gmt":"2016-10-15T08:23:07","slug":"zone-interne-pigliaru-lo-sviluppo-passa-dalle-idee","status":"publish","type":"post","link":"https:\/\/www.cronacaonline.it\/index.php\/2016\/10\/15\/zone-interne-pigliaru-lo-sviluppo-passa-dalle-idee\/","title":{"rendered":"Zone interne, Pigliaru: \u201clo sviluppo passa dalle idee\u201d"},"content":{"rendered":"<p>Nuoro, 14 Ott 2016.\u00a0\u201cCrediamo nelle zone interne e non ci arrendiamo allo spopolamento fisiologico. Questa \u00e8 la posizione della Giunta e\u00a0io sono qui per ribadirlo\". Con queste parole il Presidente della Regione Francesco Pigliaru ha aperto il suo intervento al convegno intitolato \"Un masterplan per le zone interne\" organizzato\u00a0oggi\u00a0a Fonni dalla Confindustria Sardegna Centrale.<\/p>\n<p>\u201cSe guardiamo gli esiti delle scelte fatte in tutti questi decenni, \u00e8 chiaro che erano sbagliate\u201d, ha spiegato Francesco Pigliaru. \u201cDobbiamo cambiare il punto di vista. Lo spopolamento nasce quando non c\u2019\u00e8 speranza di sviluppo, di occupazione. Individuate le cause dei problemi, portiamo avanti azioni non pi\u00f9 generiche e dispersive, ma mirate: scommesse che tutti gli attori coinvolti affrontano insieme. La Regione fa la sua parte mettendo le risorse, migliorando la qualit\u00e0 istituzionale come avvenuto con la Legge sulla Semplificazione, facendo riforme importanti come quelle degli Enti locali e della Sanit\u00e0, e programmando assieme ai territori, i veri protagonisti, che devono mettere in gioco le idee. Lo sviluppo c\u2019\u00e8 se ci sono le proposte progettuali: scegliamo insieme le azioni, poche e definite, e puntiamo su quelle. Perch\u00e9 questo modello funzioni \u00e8 necessario fare rete, servono iniziative comuni e condivise. \u00c8 un cambiamento sostanziale, e per riuscirci dobbiamo avere fiducia reciproca: discutiamo e continuiamo a discuterne come stiamo facendo, ma in maniera costruttiva\u201d.<\/p>\n<p>Uno spazio importante \u00e8 per l\u2019istruzione: \u201cCombattere la dispersione scolastica \u00e8 tra le priorit\u00e0 di questa Giunta\u201d, ha sottolineato. \u201cDegli\u00a0848 cantieri per l\u2019edilizia scolastica in Sardegna, con un investimento di 150 milioni e molte possibilit\u00e0 di lavoro, tanti sono nelle zone interne. E poi con 50 milioni finanziamo 10 Scuole del Nuovo Millennio: moderne, accoglienti, proiettate verso il futuro. Sono un passo fondamentale per superare il frazionamento, unire i territori e far s\u00ec che i Paesi si sentano come se fossero i quartieri di una citt\u00e0\u201d.<\/p>\n<p>Francesco Pigliaru ha poi evidenziato che esiste una parola chiave, che \u00e8 \u201cconnessione, ovvero dialogo tra istituzioni e con i cittadini, trasporti, digitale ma anche unione tra imprenditori per creare un ambiente favorevole allo sviluppo e agli investimenti.\u201d \u00a0Il Presidente della Regione si \u00e8 poi soffermato su alcuni punti: \u201cper la videosorveglianza, molto importante per la sicurezza, stiamo correndo per accorciare i tempi. \u00c8 un progetto gi\u00e0 molto avanzato, ma dietro le telecamere servono persone ed \u00e8 un\u2019organizzazione complessa che riassume bene il concetto di connessione \u2013 ha spiegato Pigliaru -, servono i vigilantes e una convenzione quadro con le Forze dell\u2019Ordine, ma anche la banda ultralarga su cui far viaggiare le informazioni: \u00e8 partita e coprir\u00e0 313 Comuni con particolare attenzione alle zone rurali.\u201d Poi il grande sforzo che si sta facendo per vincere la battaglia contro la peste suina: \u201cla pi\u00f9 grande sfida di sviluppo per le zone interne\u201d. E sulla possibilit\u00e0 di un assessorato dedicato: \u201cnon \u00e8 quello che serve. Ancora una volta vale il concetto di connessione, anche tra assessorati che devono lavorare insieme unendo le forze su temi specifici\u201d. Su fiscalit\u00e0 di vantaggio \u201c\u00e8 uno strumento, se decidiamo insieme che \u00e8 effettivamente utile per arrivare al risultato, punteremo anche su quello. Ma ci\u00f2 che conta davvero \u00e8 capire quali siano le scommesse di sviluppo di questi territori che hanno, sull\u2019agroalimentare, sulla cultura e sull\u2019ambiente una risorsa e potenzialit\u00e0 straordinaria.\u201d<\/p>\n<p>Il presidente della Regione ha poi fatto un quadro degli investimenti in atto in Sardegna, sottolineando gli oltre tre miliardi di euro del Patto firmato con il Governo: \u201ctra riprogrammazione mirata delle risorse FSC, che in quanto tale ha permesso di non disperdere le risorse e di liberare cifre rilevanti, e risorse aggiuntive, contiene interventi importantissimi per queste zone soprattutto sul fronte delle infrastrutture, dalle strade al dissesto idrogeologico. Per il resto, basti l\u2019esempio dei 200 milioni per l\u2019agricoltura di precisione. Le aree interne devono essere la palestra di simili misure moderne, innovative e capaci di assorbire tecnologie e capitale umano. In una parola, fare sviluppo\u201d.<\/p>\n","protected":false},"excerpt":{"rendered":"<p>Nuoro, 14 Ott 2016.\u00a0\u201cCrediamo nelle zone interne e non ci arrendiamo allo spopolamento fisiologico. Questa \u00e8 la posizione della Giunta e\u00a0io sono qui per ribadirlo&#8221;.&#8230;<\/p>\n","protected":false},"author":2,"featured_media":133691,"comment_status":"closed","ping_status":"closed","sticky":false,"template":"","format":"standard","meta":[],"categories":[49,52],"tags":[],"_links":{"self":[{"href":"https:\/\/www.cronacaonline.it\/index.php\/wp-json\/wp\/v2\/posts\/133690"}],"collection":[{"href":"https:\/\/www.cronacaonline.it\/index.php\/wp-json\/wp\/v2\/posts"}],"about":[{"href":"https:\/\/www.cronacaonline.it\/index.php\/wp-json\/wp\/v2\/types\/post"}],"author":[{"embeddable":true,"href":"https:\/\/www.cronacaonline.it\/index.php\/wp-json\/wp\/v2\/users\/2"}],"replies":[{"embeddable":true,"href":"https:\/\/www.cronacaonline.it\/index.php\/wp-json\/wp\/v2\/comments?post=133690"}],"version-history":[{"count":0,"href":"https:\/\/www.cronacaonline.it\/index.php\/wp-json\/wp\/v2\/posts\/133690\/revisions"}],"wp:featuredmedia":[{"embeddable":true,"href":"https:\/\/www.cronacaonline.it\/index.php\/wp-json\/wp\/v2\/media\/133691"}],"wp:attachment":[{"href":"https:\/\/www.cronacaonline.it\/index.php\/wp-json\/wp\/v2\/media?parent=133690"}],"wp:term":[{"taxonomy":"category","embeddable":true,"href":"https:\/\/www.cronacaonline.it\/index.php\/wp-json\/wp\/v2\/categories?post=133690"},{"taxonomy":"post_tag","embeddable":true,"href":"https:\/\/www.cronacaonline.it\/index.php\/wp-json\/wp\/v2\/tags?post=133690"}],"curies":[{"name":"wp","href":"https:\/\/api.w.org\/{rel}","templated":true}]}}