{"id":133681,"date":"2016-10-14T20:21:31","date_gmt":"2016-10-14T18:21:31","guid":{"rendered":"http:\/\/www.cronacaonline.it\/public\/content\/?p=133681"},"modified":"2016-10-14T20:21:31","modified_gmt":"2016-10-14T18:21:31","slug":"educazione-da-zero-a-sei-anni-firino-a-isili-la-regione-affianchera-lo-stato-negli-interventi","status":"publish","type":"post","link":"https:\/\/www.cronacaonline.it\/index.php\/2016\/10\/14\/educazione-da-zero-a-sei-anni-firino-a-isili-la-regione-affianchera-lo-stato-negli-interventi\/","title":{"rendered":"Educazione da zero a sei anni, Firino a Isili: la Regione affiancher\u00e0 lo stato negli interventi"},"content":{"rendered":"<p>Isili (Nu), 14 Ott 2016 -\u00a0\u201cIl tema della creazione di un sistema integrato di educazione e di istruzione dalla nascita fino ai sei anni, previsto dalla Legge 107 del 2015, \u00e8 un aspetto importante del percorso educativo dei bambini e di quella continuit\u00e0 didattica che \u00e8 necessaria in ogni politica di lotta all\u2019abbandono scolastico\u201d.\u00a0Lo ha detto questa mattina a Isili l\u2019assessore della Pubblica istruzione Claudia Firino, intervenuta al convegno formativo sulla scuola dell\u2019infanzia \u2018Da zero a cento \u00e8 tutta scuola\u2019, organizzato dall\u2019associazione Proteo Fare Sapere e dalla FLC-Cgil.<\/p>\n<p>\u201cLa progressiva evoluzione di questo servizio da sociale a educativo \u2013 ha aggiunto l\u2019assessore Firino \u2013 \u00e8 senz\u2019altro positiva e deve essere accompagnata da un forte investimento da parte di tutti i livelli istituzionali. Per questo saremo vigili e propositivi nei tavoli nazionali in cui si discuter\u00e0 l\u2019attuazione della norma, anche in riferimento agli stanziamenti che preveder\u00e0 il Governo, sulla base dei quali moduleremo le nostre misure di sostegno,\u00a0oggi\u00a0portate avanti dagli Assessorati dell\u2019Istruzione e delle Politiche sociali.\u00a0Un elemento importante sar\u00e0 l\u2019organizzazione territoriale dei servizi, fattore chiave di tutti i nostri interventi sulla scuola, dall\u2019edilizia al programma Tutti a Iscol@, per coinvolgere in una dimensione sovracomunale tutte le aree della nostra Isola e garantire a tutti i bambini e ragazzi gli stessi livelli di servizi e opportunit\u00e0 educative\u201d.<\/p>\n","protected":false},"excerpt":{"rendered":"<p>Isili (Nu), 14 Ott 2016 &#8211;\u00a0\u201cIl tema della creazione di un sistema integrato di educazione e di istruzione dalla nascita fino ai sei anni, previsto&#8230;<\/p>\n","protected":false},"author":2,"featured_media":115396,"comment_status":"closed","ping_status":"closed","sticky":false,"template":"","format":"standard","meta":[],"categories":[49,52],"tags":[],"_links":{"self":[{"href":"https:\/\/www.cronacaonline.it\/index.php\/wp-json\/wp\/v2\/posts\/133681"}],"collection":[{"href":"https:\/\/www.cronacaonline.it\/index.php\/wp-json\/wp\/v2\/posts"}],"about":[{"href":"https:\/\/www.cronacaonline.it\/index.php\/wp-json\/wp\/v2\/types\/post"}],"author":[{"embeddable":true,"href":"https:\/\/www.cronacaonline.it\/index.php\/wp-json\/wp\/v2\/users\/2"}],"replies":[{"embeddable":true,"href":"https:\/\/www.cronacaonline.it\/index.php\/wp-json\/wp\/v2\/comments?post=133681"}],"version-history":[{"count":0,"href":"https:\/\/www.cronacaonline.it\/index.php\/wp-json\/wp\/v2\/posts\/133681\/revisions"}],"wp:featuredmedia":[{"embeddable":true,"href":"https:\/\/www.cronacaonline.it\/index.php\/wp-json\/"}],"wp:attachment":[{"href":"https:\/\/www.cronacaonline.it\/index.php\/wp-json\/wp\/v2\/media?parent=133681"}],"wp:term":[{"taxonomy":"category","embeddable":true,"href":"https:\/\/www.cronacaonline.it\/index.php\/wp-json\/wp\/v2\/categories?post=133681"},{"taxonomy":"post_tag","embeddable":true,"href":"https:\/\/www.cronacaonline.it\/index.php\/wp-json\/wp\/v2\/tags?post=133681"}],"curies":[{"name":"wp","href":"https:\/\/api.w.org\/{rel}","templated":true}]}}