{"id":133643,"date":"2016-10-14T14:14:04","date_gmt":"2016-10-14T12:14:04","guid":{"rendered":"http:\/\/www.cronacaonline.it\/public\/content\/?p=133643"},"modified":"2016-10-14T14:14:04","modified_gmt":"2016-10-14T12:14:04","slug":"vini-dal-19-ottobre-dieci-giornalisti-internazionali-in-sardegna-per-press-tour-nelle-terre-del-cannonau","status":"publish","type":"post","link":"https:\/\/www.cronacaonline.it\/index.php\/2016\/10\/14\/vini-dal-19-ottobre-dieci-giornalisti-internazionali-in-sardegna-per-press-tour-nelle-terre-del-cannonau\/","title":{"rendered":"Vini, dal 19 ottobre dieci giornalisti internazionali in Sardegna per press tour nelle terre del cannonau"},"content":{"rendered":"<p>Cagliari, 14 Ott 2016 -\u00a0Presentare alla stampa specializzata internazionale la Sardegna, i territori del Cannonau, i nostri vini e le produzioni locali di qualit\u00e0 in vista del Grenaches du monde 2017: \u00e8 l\u2019obiettivo dell\u2019educational tour che, dal 19 al 21 ottobre, porter\u00e0 dieci giornalisti e blogger stranieri a visitare alcune delle principali realt\u00e0 vitivinicole della Sardegna.<\/p>\n<p>\u201cNel febbraio del prossimo anno, ospiteremo la pi\u00f9 importante competizione enologica mondiale dedicata al vitigno Cannonau e intendiamo sfruttare al massimo la visibilit\u00e0 che riceveremo da questo evento cos\u00ec prestigioso\u201d, spiega l\u2019assessore dell\u2019Agricoltura Elisabetta Falchi. \u201cCol Grenaches stiamo posizionando la Sardegna sulle rotte internazionali del vino e vogliamo far conoscere al mondo non solo le nostre eccellenti produzioni vitivinicole ma anche i loro territori d\u2019origine, la loro bellezza e il loro ambiente cos\u00ec suggestivo che diventa valore aggiunto nel marketing del vino e di tutte le nostre produzioni agroalimentari\u201d.<\/p>\n<p>Organizzato dall\u2019agenzia Laore su mandato dell\u2019assessorato dell\u2019Agricoltura, e con la collaborazione del Consorzio di Tutela del Cannonau, il tour coinvolge dieci giornalisti: provengono da Regno Unito, Olanda, Svezia, Svizzera, Germania, Belgio e Usa e scrivono per le pi\u00f9 diffuse e prestigiose testate cartacee e on line dedicate al mondo dell\u2019enologia (partecipa inoltre un columnist del quotidiano inglese The Independent). Nella tre giorni sarda faranno una full immersion in alcune delle zone d\u2019origine del Cannonau.<\/p>\n<p>Si parte mercoled\u00ec 19 ottobre dalle cantine di Oliena: dopo i saluti di benvenuto, la mattina sar\u00e0 occupata da una introduzione dedicata ai territori del Cannonau e alla Denominazione, a cura dell\u2019agenzia Laore, seguir\u00e0 un approfondimento sull\u2019importanza della vite selvatica in Sardegna, a cura dell\u2019Agenzia Agris e la presentazione della Strada del Vino Cannonau. Nel pomeriggio inizieranno gli incontri tra i giornalisti e le aziende produttrici associate al Consorzio del Cannonau di Sardegna, con la degustazione dei vini. Le visite proseguiranno anche nella mattina del giorno 20 e si concluderanno a Mamoiada, con la degustazione delle produzioni locali. Per approfondire la cultura del territorio, la delegazione si recher\u00e0 poi al Museo delle Maschere Mediterranee. Durante la terza e ultima giornata di visita, venerd\u00ec 21 ottobre, ci si trasferisce in Ogliastra, a Jerzu: in mattinata i rappresentanti della stampa internazionale visiteranno i vigneti della zona, mentre nel pomeriggio la delegazione assister\u00e0 a una presentazione sul tema \u201cIl vino Cannonau nell\u2019alimentazione dei Centenari della Sardegna\u201d, a cura di Luca Deiana dell\u2019Universit\u00e0 di Sassari, per poi conoscere i produttori ogliastrini e degustare i loro vini.<\/p>\n<p>\u201cGi\u00e0 con questo press tour \u2013 spiega Elisabetta Falchi - anticipiamo l\u2019impostazione che vogliamo dare alla \u2018nostra\u2019 edizione del Grenaches du Monde: promozione diffusa sul territorio col coinvolgimento diretto degli attori della filiera del vino e dei Consorzi di tutela. I press tour sono un canale promozionale su cui intendiamo insistere nei prossimi mesi:\u00a0oggi\u00a0la priorit\u00e0 sono il Cannonau e l\u2019edizione di Grenaches du Monde che ospiteremo all\u2019inizio del prossimo anno, ma stiamo gi\u00e0 progettando due ulteriori visite per la stampa internazionale. La prima riguarder\u00e0 il Vermentino, altra grande eccellenza vinicola sarda, e la seconda invece si focalizzer\u00e0 sui vitigni autoctoni come Carignano, Vernaccia e Malvasia\u201d.<\/p>\n","protected":false},"excerpt":{"rendered":"<p>Cagliari, 14 Ott 2016 &#8211;\u00a0Presentare alla stampa specializzata internazionale la Sardegna, i territori del Cannonau, i nostri vini e le produzioni locali di qualit\u00e0 in&#8230;<\/p>\n","protected":false},"author":2,"featured_media":18441,"comment_status":"closed","ping_status":"closed","sticky":false,"template":"","format":"standard","meta":[],"categories":[49,52],"tags":[],"_links":{"self":[{"href":"https:\/\/www.cronacaonline.it\/index.php\/wp-json\/wp\/v2\/posts\/133643"}],"collection":[{"href":"https:\/\/www.cronacaonline.it\/index.php\/wp-json\/wp\/v2\/posts"}],"about":[{"href":"https:\/\/www.cronacaonline.it\/index.php\/wp-json\/wp\/v2\/types\/post"}],"author":[{"embeddable":true,"href":"https:\/\/www.cronacaonline.it\/index.php\/wp-json\/wp\/v2\/users\/2"}],"replies":[{"embeddable":true,"href":"https:\/\/www.cronacaonline.it\/index.php\/wp-json\/wp\/v2\/comments?post=133643"}],"version-history":[{"count":0,"href":"https:\/\/www.cronacaonline.it\/index.php\/wp-json\/wp\/v2\/posts\/133643\/revisions"}],"wp:featuredmedia":[{"embeddable":true,"href":"https:\/\/www.cronacaonline.it\/index.php\/wp-json\/"}],"wp:attachment":[{"href":"https:\/\/www.cronacaonline.it\/index.php\/wp-json\/wp\/v2\/media?parent=133643"}],"wp:term":[{"taxonomy":"category","embeddable":true,"href":"https:\/\/www.cronacaonline.it\/index.php\/wp-json\/wp\/v2\/categories?post=133643"},{"taxonomy":"post_tag","embeddable":true,"href":"https:\/\/www.cronacaonline.it\/index.php\/wp-json\/wp\/v2\/tags?post=133643"}],"curies":[{"name":"wp","href":"https:\/\/api.w.org\/{rel}","templated":true}]}}