{"id":133332,"date":"2016-10-08T11:46:41","date_gmt":"2016-10-08T09:46:41","guid":{"rendered":"http:\/\/www.cronacaonline.it\/public\/content\/?p=133332"},"modified":"2016-10-08T11:46:41","modified_gmt":"2016-10-08T09:46:41","slug":"senegalese-di-64-anni-arrestato-dai-carabinieri-nel-centro-di-cagliari-per-violenza-sessuale-e-tentata-rapina-nei-confronti-di-una-donna-nigeriana","status":"publish","type":"post","link":"https:\/\/www.cronacaonline.it\/index.php\/2016\/10\/08\/senegalese-di-64-anni-arrestato-dai-carabinieri-nel-centro-di-cagliari-per-violenza-sessuale-e-tentata-rapina-nei-confronti-di-una-donna-nigeriana\/","title":{"rendered":"Senegalese di 64 anni, arrestato dai carabinieri nel centro di Cagliari per violenza sessuale e tentata rapina nei confronti di una donna nigeriana"},"content":{"rendered":"<p>Cagliari, 8 Ott 2016 - Alle ore 02:00 circa di stamane a Cagliari, i carabinieri del Nucleo radiomobile della compagnia della citt\u00e0, hanno arrestato per violenza sessuale e tentata rapina nei confronti di una donna nigeriana, Seye M\u2019bodj Maram, di 64 anni, nato nel Senegal ma residente a Cagliari, commerciante, con precedenti penali.<\/p>\n<p>L\u2019extracomunitario, alle ore 21:00 circa, presso questo piazzale Trento ha palpeggiato nelle parti intime una giovane prostituta nigeriana, di 28 anni, senza fissa dimora, e poi l\u2019ha aggredita portandole via, von violenza, la propria borsa contenente effetti personali.<\/p>\n<p>Sul posto poco dopo l\u2019allarme sono intervenuti i militari che una volta raccolta la testimonianza e la descrizione dell\u2019uomo, hanno avviato le ricerche e in pochi minuti l\u2019autore del reato \u00e8 stato rintracciato e fermato.<\/p>\n<p>La donna, recatasi poco dopo presso al pronto soccorso dell\u2019ospedale civile Santissima Trinit\u00e0, dove i sanitari le hanno riscontrato traumi ed ecchimosi per lo pi\u00f9 al volto, giudicati guaribili in sette giorni di riposo e cure.<\/p>\n<p>La refurtiva veniva recuperata e restituita alla legittima proprietaria.<\/p>\n<p>L\u2019uomo \u00e8 stato quindi portato in caserma per le formalit\u00e0 di legge e una volta ultimate queste incombenze \u00e8 stato dichiarato in arresto, accompagnato e rinchiuso nel carcere di Ca-Uta in attesa del rito direttissimo<\/p>\n","protected":false},"excerpt":{"rendered":"<p>Cagliari, 8 Ott 2016 &#8211; Alle ore 02:00 circa di stamane a Cagliari, i carabinieri del Nucleo radiomobile della compagnia della citt\u00e0, hanno arrestato per&#8230;<\/p>\n","protected":false},"author":2,"featured_media":133333,"comment_status":"closed","ping_status":"closed","sticky":false,"template":"","format":"standard","meta":[],"categories":[49,55],"tags":[],"_links":{"self":[{"href":"https:\/\/www.cronacaonline.it\/index.php\/wp-json\/wp\/v2\/posts\/133332"}],"collection":[{"href":"https:\/\/www.cronacaonline.it\/index.php\/wp-json\/wp\/v2\/posts"}],"about":[{"href":"https:\/\/www.cronacaonline.it\/index.php\/wp-json\/wp\/v2\/types\/post"}],"author":[{"embeddable":true,"href":"https:\/\/www.cronacaonline.it\/index.php\/wp-json\/wp\/v2\/users\/2"}],"replies":[{"embeddable":true,"href":"https:\/\/www.cronacaonline.it\/index.php\/wp-json\/wp\/v2\/comments?post=133332"}],"version-history":[{"count":0,"href":"https:\/\/www.cronacaonline.it\/index.php\/wp-json\/wp\/v2\/posts\/133332\/revisions"}],"wp:featuredmedia":[{"embeddable":true,"href":"https:\/\/www.cronacaonline.it\/index.php\/wp-json\/wp\/v2\/media\/133333"}],"wp:attachment":[{"href":"https:\/\/www.cronacaonline.it\/index.php\/wp-json\/wp\/v2\/media?parent=133332"}],"wp:term":[{"taxonomy":"category","embeddable":true,"href":"https:\/\/www.cronacaonline.it\/index.php\/wp-json\/wp\/v2\/categories?post=133332"},{"taxonomy":"post_tag","embeddable":true,"href":"https:\/\/www.cronacaonline.it\/index.php\/wp-json\/wp\/v2\/tags?post=133332"}],"curies":[{"name":"wp","href":"https:\/\/api.w.org\/{rel}","templated":true}]}}