{"id":133288,"date":"2016-10-07T14:13:17","date_gmt":"2016-10-07T12:13:17","guid":{"rendered":"http:\/\/www.cronacaonline.it\/public\/content\/?p=133288"},"modified":"2016-10-07T14:13:17","modified_gmt":"2016-10-07T12:13:17","slug":"cagliaritano-pregiudicato-arrestato-dalla-polizia-per-furto-aggravato-su-auto-tentato-furto-in-attivita-commerciale-e-ricettazione","status":"publish","type":"post","link":"https:\/\/www.cronacaonline.it\/index.php\/2016\/10\/07\/cagliaritano-pregiudicato-arrestato-dalla-polizia-per-furto-aggravato-su-auto-tentato-furto-in-attivita-commerciale-e-ricettazione\/","title":{"rendered":"Cagliaritano pregiudicato arrestato dalla Polizia per furto aggravato su auto, tentato furto in attivit\u00e0 commerciale e ricettazione."},"content":{"rendered":"<p>Cagliari, 7 Ott 2016 - Gli Agenti della Squadra Volanti di Cagliari hanno arrestato Giovanni Curreli, di 36 anni, cagliaritano, pregiudicato per i reati di furto aggravato su auto, tentato furto in attivit\u00e0 commerciale e ricettazione.<\/p>\n<p>L\u2019episodio \u00e8 avvenuto intorno alle 01.40 di questa mattina quando un equipaggio delle Volanti \u00e8 stato inviato dal Centro Operativo in Via Sonnino presso un esercizio commerciale in quanto, sulla linea telefonica 113, era giunta la segnalazione di furto in atto e un cittadino, che si trovava nei pressi, aveva notato una persona giunta su un\u2019autovettura modello Mitsubishi di colore scuro.<\/p>\n<p>Inoltre il testimone aveva segnalato un individuo che, dopo essere sceso dalla Mitsubishi e aver armeggiato nella serratura della porta scorrevole del locale si era introdotto all\u2019interno.<\/p>\n<p>Quindi i poliziotti una volta giunti sul posto sono entrati nel locale dove il ladro, dopo essersi accorto della presenza della polizia, ha tentato di darsi alla fuga da un cortiletto interno ma \u00e8 stato per\u00f2 raggiunto e bloccato all\u2019interno di un cortile condominiale, dove il fuggitivo si era lanciato nel tentativo di nascondersi.<\/p>\n<p>L\u2019autovettura usata da Curreli, rinvenuta pochi metri pi\u00f9 avanti del locale, \u00e8 risultata essere stata rubata qualche momento prima della commissione del tentato furto ed \u00e8 stata restituita al legittimo proprietario.<\/p>\n<p>L\u2019uomo \u00e8 stato poi dichiarato in arresto e su disposizione del P.M. di turno, \u00e8 stato accompagnato presso il carcere di Uta.<\/p>\n","protected":false},"excerpt":{"rendered":"<p>Cagliari, 7 Ott 2016 &#8211; Gli Agenti della Squadra Volanti di Cagliari hanno arrestato Giovanni Curreli, di 36 anni, cagliaritano, pregiudicato per i reati di&#8230;<\/p>\n","protected":false},"author":2,"featured_media":131585,"comment_status":"closed","ping_status":"closed","sticky":false,"template":"","format":"standard","meta":[],"categories":[49,55],"tags":[],"_links":{"self":[{"href":"https:\/\/www.cronacaonline.it\/index.php\/wp-json\/wp\/v2\/posts\/133288"}],"collection":[{"href":"https:\/\/www.cronacaonline.it\/index.php\/wp-json\/wp\/v2\/posts"}],"about":[{"href":"https:\/\/www.cronacaonline.it\/index.php\/wp-json\/wp\/v2\/types\/post"}],"author":[{"embeddable":true,"href":"https:\/\/www.cronacaonline.it\/index.php\/wp-json\/wp\/v2\/users\/2"}],"replies":[{"embeddable":true,"href":"https:\/\/www.cronacaonline.it\/index.php\/wp-json\/wp\/v2\/comments?post=133288"}],"version-history":[{"count":0,"href":"https:\/\/www.cronacaonline.it\/index.php\/wp-json\/wp\/v2\/posts\/133288\/revisions"}],"wp:featuredmedia":[{"embeddable":true,"href":"https:\/\/www.cronacaonline.it\/index.php\/wp-json\/wp\/v2\/media\/131585"}],"wp:attachment":[{"href":"https:\/\/www.cronacaonline.it\/index.php\/wp-json\/wp\/v2\/media?parent=133288"}],"wp:term":[{"taxonomy":"category","embeddable":true,"href":"https:\/\/www.cronacaonline.it\/index.php\/wp-json\/wp\/v2\/categories?post=133288"},{"taxonomy":"post_tag","embeddable":true,"href":"https:\/\/www.cronacaonline.it\/index.php\/wp-json\/wp\/v2\/tags?post=133288"}],"curies":[{"name":"wp","href":"https:\/\/api.w.org\/{rel}","templated":true}]}}